{"id":7373,"date":"2010-08-24T03:58:00","date_gmt":"2010-08-24T03:58:00","guid":{"rendered":"http:\/\/www.lospoliticosveracruz.com.mx\/?p=7373"},"modified":"2014-10-09T03:42:59","modified_gmt":"2014-10-09T03:42:59","slug":"nuevos-heroes-a-las-aulas","status":"publish","type":"post","link":"https:\/\/lospoliticosveracruz.com.mx\/?p=7373","title":{"rendered":"Nuevos h\u00e9roes a las aulas\u2026"},"content":{"rendered":"<p><strong>Arturo Reyes Gonz\u00e1lez<\/strong><br \/><em>Burladero<\/em><\/p>\n<p>Una vez m\u00e1s, cumpliendo el ciclo de la vida escolar de este pa\u00eds y por supuesto del estado, poco m\u00e1s de dos millones de futuros y potenciales ciudadanos productivos regresaron a las aulas de las 22,138 escuelas de nivel b\u00e1sico. Se trata de una lucha en contra del analfabetismo para unos, del futuro que ya nos alcanz\u00f3 y al cual s\u00f3lo hay que reforzarlo a trav\u00e9s de las nuevas generaciones de estudiantes que hoy hicieron su entrada triunfal al sal\u00f3n de clases, para otros; de cifras y estad\u00edsticas escolares, tan s\u00f3lo de cumplir con el requisito de la educaci\u00f3n porque es una orden en casa, para otros tantos.<br \/>Tristes y complicadas han sido las escenas vividas en infinidad de tiendas de art\u00edculos escolares a donde cumplidas madres de familia han acudido para intentar comprar la lista de \u00fatiles demandada por cada plantel educativo. As\u00ed hemos sido testigos de madres que una vez que reciben el costo total de la lista deciden s\u00f3lo comprar una parte, una muy peque\u00f1a parte, de otras que s\u00f3lo alcanzan a retirarse y las que de plano ha intentado robar lo m\u00e1s que han podido: una regla, un bote de pegamento, un caja de colores, un sacapuntas, una libreta. Todo sea en nombre de la educaci\u00f3n.<br \/>\u00bfQu\u00e9 triste y complicado panorama espera a todos estos nuevos prospectos de Chicharito Hern\u00e1ndez, de Enrique Pe\u00f1a Nieto, de Omar Chaparro o incluso de cardenales de nuestra iglesia?<br \/>\u00bfPor qu\u00e9 triste y complicado? Nada m\u00e1s hay que ver el escenario pol\u00edtico, econ\u00f3mico, social, cultural y, sobre todo, natural que van a heredar.<br \/>Un mundo en el cual estamos inmersos, sobrepoblado, que ya padece la escasez de agua, que tiene altos \u00edndices de desempleo y que adem\u00e1s, para cuando ellos est\u00e9n en plena etapa de ser adultos en plenitud de este pa\u00eds, ya el n\u00famero de habitantes que estar\u00e1n en la tercera edad ser\u00e1 mucho mayor al de la parte econ\u00f3micamente activa.<br \/>Contaminaci\u00f3n, una corrupci\u00f3n contra la que se lucha y no se avanza, calentamiento global, narcotr\u00e1fico, el VIH, etc\u00e9tera.  <br \/>Y por si fuera poco, por si no fuera suficiente, hay que lidiar con el \u201ccambio\u201d en la alimentaci\u00f3n que est\u00e1n por sufrir en los centros escolares. \u00a1Caray! <br \/>Qu\u00e9 va a ser de las j\u00edcamas con chile, de las papitas, de los chicharrones ricos en grasa, de las gorditas de manteca, chicharr\u00f3n, los cacahuates japoneses con salsa de esa que tanto beneficio trae a nuestro sistema digestivo, los chilitos en polvo, en fin\u2026 porque soy un fiel convencido de que uno de los placeres de la vida es el que nos brinda el proceso de alimentarnos.  <br \/>Pero afortunadamente ellos no lo saben, as\u00ed es que no seamos nosotros quienes se los informemos, no dejemos que vean a Joaqu\u00edn L\u00f3pez Doriga para que no vean cada noche enfrentamientos armados, ejecuciones, secuestros y asesinatos.<br \/>Que no lean la nota roja de ning\u00fan medio impreso o la pagina Web de los reporteros polic\u00edacos, ya que estar\u00edan m\u00e1s que traumados de cuanta violencia familiar y violaciones a menores se dan, y eso los casos que se alcanzan a conocer.<br \/>A los representantes de los medios de comunicaci\u00f3n del estado, principalmente de la capital, que cuenta con un amplio n\u00famero de estudiantes de todos los niveles, les pido seamos portavoz de alguna buena noticia al menos de vez en cuando, hay que buscarla o incluso generarla.  <br \/>Seamos los padres de familia, los ciudadanos, los mismos maestros quienes demos aliento a nuestros j\u00f3venes estudiantes. A\u00fan hay mucho por hacer, no cejemos en el intento. \u00a1\u00c1nimo!<\/p>\n","protected":false},"excerpt":{"rendered":"<p>Arturo Reyes Gonz\u00e1lezBurladero Una vez m\u00e1s, cumpliendo el ciclo de la vida escolar de este pa\u00eds y por supuesto del estado, poco m\u00e1s de dos millones de futuros y potenciales ciudadanos productivos regresaron a las aulas de las 22,138 escuelas de nivel b\u00e1sico. Se trata de una lucha en contra del analfabetismo para unos, del [&hellip;]<\/p>\n","protected":false},"author":1,"featured_media":0,"comment_status":"open","ping_status":"open","sticky":false,"template":"","format":"standard","meta":{"_jetpack_newsletter_access":"","_jetpack_dont_email_post_to_subs":false,"_jetpack_newsletter_tier_id":0,"_jetpack_memberships_contains_paywalled_content":false,"_jetpack_memberships_contains_paid_content":false,"footnotes":""},"categories":[1],"tags":[],"class_list":["post-7373","post","type-post","status-publish","format-standard","hentry","category-sin-categoria"],"jetpack_featured_media_url":"","jetpack_sharing_enabled":true,"jetpack_shortlink":"https:\/\/wp.me\/p4Qcd3-1UV","_links":{"self":[{"href":"https:\/\/lospoliticosveracruz.com.mx\/index.php?rest_route=\/wp\/v2\/posts\/7373","targetHints":{"allow":["GET"]}}],"collection":[{"href":"https:\/\/lospoliticosveracruz.com.mx\/index.php?rest_route=\/wp\/v2\/posts"}],"about":[{"href":"https:\/\/lospoliticosveracruz.com.mx\/index.php?rest_route=\/wp\/v2\/types\/post"}],"author":[{"embeddable":true,"href":"https:\/\/lospoliticosveracruz.com.mx\/index.php?rest_route=\/wp\/v2\/users\/1"}],"replies":[{"embeddable":true,"href":"https:\/\/lospoliticosveracruz.com.mx\/index.php?rest_route=%2Fwp%2Fv2%2Fcomments&post=7373"}],"version-history":[{"count":0,"href":"https:\/\/lospoliticosveracruz.com.mx\/index.php?rest_route=\/wp\/v2\/posts\/7373\/revisions"}],"wp:attachment":[{"href":"https:\/\/lospoliticosveracruz.com.mx\/index.php?rest_route=%2Fwp%2Fv2%2Fmedia&parent=7373"}],"wp:term":[{"taxonomy":"category","embeddable":true,"href":"https:\/\/lospoliticosveracruz.com.mx\/index.php?rest_route=%2Fwp%2Fv2%2Fcategories&post=7373"},{"taxonomy":"post_tag","embeddable":true,"href":"https:\/\/lospoliticosveracruz.com.mx\/index.php?rest_route=%2Fwp%2Fv2%2Ftags&post=7373"}],"curies":[{"name":"wp","href":"https:\/\/api.w.org\/{rel}","templated":true}]}}