{"id":73736,"date":"2021-05-22T17:44:06","date_gmt":"2021-05-22T22:44:06","guid":{"rendered":"http:\/\/www.lospoliticosveracruz.com.mx\/?p=73736"},"modified":"2021-05-22T17:44:10","modified_gmt":"2021-05-22T22:44:10","slug":"ya-no-mas-de-lo-mismo-pide-xalapa-itzel","status":"publish","type":"post","link":"https:\/\/lospoliticosveracruz.com.mx\/?p=73736","title":{"rendered":"Ya no m\u00e1s de lo mismo, pide Xalapa: Itzel"},"content":{"rendered":"\n<p><strong>Xalapa<\/strong><br>Los y las xalape\u00f1os distinguen en Redes Sociales Progresistas (RSP) una verdadera opci\u00f3n de gobierno para la Capital, y no una dosis de \u201cm\u00e1s de lo mismo\u201d, admiti\u00f3 la candidata a la presidencia municipal de Xalapa Itzel Jurado Ortiz.<br>Al cumplir 18 d\u00edas en campa\u00f1a, el camino del triunfo de Itzel Jurado incluye un recorrido por m\u00e1s de 100 colonias xalape\u00f1os en donde la abanderada comparti\u00f3 y convenci\u00f3 con sus propuestas de una ciudad mejor y verdaderamente eficiente.<br>Es que los propios ciudadanos y ciudadanas le han hecho ver a Itzel Jurado que el fundamento de las alianzas entre partidos es el terror a la derrota y no el valor de terminar con el rezago de Xalapa.<br>\u201cNos llena de alegr\u00eda que la gente ubica que las alianzas han sido por miedo a perder y no por las propuestas que requiere la ciudadan\u00eda\u201d dijo Itzel Jurado al realizar un recorrido por calles de Xalapa, al lado de la delegada en Veracruz de RSP Elizabeth Morales y el dirigente estatal del Partido Antonio Lagunes Toral.<br>A diferencia de los dem\u00e1s candidatos que organizan marchas en medio del desorden y la improvisaci\u00f3n, Itzel Jurado dialoga con todos los y las xalape\u00f1os que se encuentra a su paso y quienes les hacen ver que no quieren lo mismo de siempre, sino una opci\u00f3n diferente.<br>\u201cA los aliancistas no los une el amor a Xalapa y los xalape\u00f1os, los une el espanto que tiene de perder el poder\u201d finaliz\u00f3 la candidata.<\/p>\n","protected":false},"excerpt":{"rendered":"<p>XalapaLos y las xalape\u00f1os distinguen en Redes Sociales Progresistas (RSP) una verdadera opci\u00f3n de gobierno para la Capital, y no una dosis de \u201cm\u00e1s de lo mismo\u201d, admiti\u00f3 la candidata a la presidencia municipal de Xalapa Itzel Jurado Ortiz.Al cumplir 18 d\u00edas en campa\u00f1a, el camino del triunfo de Itzel Jurado incluye un recorrido por [&hellip;]<\/p>\n","protected":false},"author":2,"featured_media":0,"comment_status":"closed","ping_status":"closed","sticky":false,"template":"","format":"standard","meta":{"_jetpack_newsletter_access":"","_jetpack_dont_email_post_to_subs":false,"_jetpack_newsletter_tier_id":0,"_jetpack_memberships_contains_paywalled_content":false,"_jetpack_memberships_contains_paid_content":false,"footnotes":""},"categories":[73],"tags":[133,22097,14281,96],"class_list":["post-73736","post","type-post","status-publish","format-standard","hentry","category-de-boleto","tag-elizabeth-morales","tag-itzel-jurado-ortiz","tag-redes-sociales-progresistas","tag-xalapa"],"jetpack_featured_media_url":"","jetpack_sharing_enabled":true,"jetpack_shortlink":"https:\/\/wp.me\/p4Qcd3-jbi","_links":{"self":[{"href":"https:\/\/lospoliticosveracruz.com.mx\/index.php?rest_route=\/wp\/v2\/posts\/73736","targetHints":{"allow":["GET"]}}],"collection":[{"href":"https:\/\/lospoliticosveracruz.com.mx\/index.php?rest_route=\/wp\/v2\/posts"}],"about":[{"href":"https:\/\/lospoliticosveracruz.com.mx\/index.php?rest_route=\/wp\/v2\/types\/post"}],"author":[{"embeddable":true,"href":"https:\/\/lospoliticosveracruz.com.mx\/index.php?rest_route=\/wp\/v2\/users\/2"}],"replies":[{"embeddable":true,"href":"https:\/\/lospoliticosveracruz.com.mx\/index.php?rest_route=%2Fwp%2Fv2%2Fcomments&post=73736"}],"version-history":[{"count":1,"href":"https:\/\/lospoliticosveracruz.com.mx\/index.php?rest_route=\/wp\/v2\/posts\/73736\/revisions"}],"predecessor-version":[{"id":73738,"href":"https:\/\/lospoliticosveracruz.com.mx\/index.php?rest_route=\/wp\/v2\/posts\/73736\/revisions\/73738"}],"wp:attachment":[{"href":"https:\/\/lospoliticosveracruz.com.mx\/index.php?rest_route=%2Fwp%2Fv2%2Fmedia&parent=73736"}],"wp:term":[{"taxonomy":"category","embeddable":true,"href":"https:\/\/lospoliticosveracruz.com.mx\/index.php?rest_route=%2Fwp%2Fv2%2Fcategories&post=73736"},{"taxonomy":"post_tag","embeddable":true,"href":"https:\/\/lospoliticosveracruz.com.mx\/index.php?rest_route=%2Fwp%2Fv2%2Ftags&post=73736"}],"curies":[{"name":"wp","href":"https:\/\/api.w.org\/{rel}","templated":true}]}}