{"id":7374,"date":"2010-08-24T03:56:00","date_gmt":"2010-08-24T03:56:00","guid":{"rendered":"http:\/\/www.lospoliticosveracruz.com.mx\/?p=7374"},"modified":"2014-10-09T03:43:00","modified_gmt":"2014-10-09T03:43:00","slug":"esclavitud","status":"publish","type":"post","link":"https:\/\/lospoliticosveracruz.com.mx\/?p=7374","title":{"rendered":"Esclavitud"},"content":{"rendered":"<p><strong>Rodrigo Vidal<\/strong><br \/><em>Zona de Tolerancia<\/em><\/p>\n<p>Era la noche del 22 de agosto y madrugada del 23 de 1971 cuando inici\u00f3 una sublevaci\u00f3n en Santo Domingo, hoy Hait\u00ed y Rep\u00fablica Dominicana, que marcar\u00eda el inicio de un movimiento para abolir el comercio trasatl\u00e1ntico de esclavos.<br \/>Por ello cada 23 de agosto es el D\u00eda Internacional del Recuerdo de la Trata de Esclavos y de su Abolici\u00f3n. Las primeras conmemoraciones tuvieron lugar en varios pa\u00edses, pero destacaron las de 1998 en Hait\u00ed y 1999 en Gor\u00e9e, Senegal. <br \/>De acuerdo con la UNESCO, la finalidad que persigue esta fecha \u201ces inscribir la tragedia del comercio de esclavos en la memoria de todos los pueblos\u201d, una pr\u00e1ctica que predomin\u00f3 en \u00c1frica, Europa, Am\u00e9rica y el Caribe.<br \/>En julio de 1998 el organismo internacional env\u00eda la circular CL\/3494 a todo los Estados Miembros a organizar actos el 23 de agosto de cada a\u00f1o para recordar esta fecha, que para muchos pas\u00f3 desapercibida.<br \/>En Veracruz existe un acontecimiento importante de la lucha contra la esclavitud que encabez\u00f3 el l\u00edder afromestizo Gaspar Yanga, rebeli\u00f3n que se desarroll\u00f3 entre 1570 y 1609. Pero este hecho tampoco sirvi\u00f3 de \u201cpretexto\u201d para recordar el D\u00eda de la Trata de Esclavos y su Abolici\u00f3n. <br \/>Debe preocuparnos nuestra falta de memoria hist\u00f3rica en el tema de la esclavitud, pues al ignorar la importancia que tuvieron las luchas por la abolici\u00f3n de la esclavitud en el pasado, poca esperanza queda de darle soluci\u00f3n a los problemas que se derivan de lo que ya muchos soci\u00f3logos llaman \u201cla nueva esclavitud\u201d, y que va desde la trata de personas hasta lo bajos salarios por jornadas regias de trabajo.<br \/>Por ejemplo, la Organizaci\u00f3n Internacional del Trabajo estima que la trata de persona afecta a m\u00e1s de 12 millones de seres humanos en el mundo, convirti\u00e9ndolo en uno de los delitos m\u00e1s lucrativos del siglo XXI, desde Hong Kong hasta Ciudad Ju\u00e1rez en M\u00e9xico.<br \/>De \u00e9sta, la modalidad m\u00e1s com\u00fan es la trata sexual que afecta a mujeres y ni\u00f1os. Las mujeres constituyen 56 por ciento de las v\u00edctimas en general y, por lo menos, 1,39 millones de mujeres y ni\u00f1as son utilizadas para el comercio y la explotaci\u00f3n sexual, un negocio que mueve 32 mil millones de d\u00f3lares en el mundo, s\u00f3lo superado por el narcotr\u00e1fico y el contrabando de armas, seg\u00fan el informe de la OIT.<br \/>La globalizaci\u00f3n es, por encima de todo, una perversi\u00f3n econ\u00f3mica y como tal se encuentra en manos de las grandes empresas, que s\u00f3lo saben de beneficios y que han convertido a los del mundo desarrollado en sus rehenes.<br \/>Trabajar para estas grandes empresas es hoy parte de la nueva esclavitud. Distribuidas a lo largo del mundo, muchas de estas empresas instalan sus f\u00e1bricas en regiones pobres para conseguir mano de obra barata casi regalada, como ocurri\u00f3 en la frontera norte de M\u00e9xico, donde se encuentra Ciudad Ju\u00e1rez, regi\u00f3n que se caracteriza hoy por su nivel de inseguridad y por el medio millar de mujeres desaparecidas y asesinadas, y que algunos casos est\u00e1n ligados a la trata de personas.<br \/>En esas regiones, los obreros trabajan jornadas de m\u00e1s de 12 horas percibiendo ingresos mucho menores que cualquier obrero en pa\u00edses desarrollados que desempe\u00f1e funciones similares.<br \/>Sin embargo, muchos gobiernos aplauden este tipo de \u201cinversiones\u201d y las califican como polos de desarrollo regional, convirti\u00e9ndose en c\u00f3mplices de la esclavitud. Tambi\u00e9n se mantienen indiferentes ante la trata de personas y lo peor es que como sociedad hacemos lo mismo que nada. <br \/>Hoy la esclavitud encontr\u00f3 en otras formas su manera de prevalecer, y no por ello es menos peor que la venta de africanos en siglos pasados. Hoy la esclavitud tambi\u00e9n encuentra en el silencio y la indolencia oficial y civil sus mejores aliados.<\/p>\n<p>Comentarios, quejas y sugerencias, env\u00edelas a: rodrigovp76@gmail.com y en Twitter, s\u00edganos: @ZonaDtolerancia.<\/p>\n","protected":false},"excerpt":{"rendered":"<p>Rodrigo VidalZona de Tolerancia Era la noche del 22 de agosto y madrugada del 23 de 1971 cuando inici\u00f3 una sublevaci\u00f3n en Santo Domingo, hoy Hait\u00ed y Rep\u00fablica Dominicana, que marcar\u00eda el inicio de un movimiento para abolir el comercio trasatl\u00e1ntico de esclavos.Por ello cada 23 de agosto es el D\u00eda Internacional del Recuerdo de [&hellip;]<\/p>\n","protected":false},"author":1,"featured_media":0,"comment_status":"open","ping_status":"open","sticky":false,"template":"","format":"standard","meta":{"_jetpack_newsletter_access":"","_jetpack_dont_email_post_to_subs":false,"_jetpack_newsletter_tier_id":0,"_jetpack_memberships_contains_paywalled_content":false,"_jetpack_memberships_contains_paid_content":false,"footnotes":""},"categories":[1],"tags":[],"class_list":["post-7374","post","type-post","status-publish","format-standard","hentry","category-sin-categoria"],"jetpack_featured_media_url":"","jetpack_sharing_enabled":true,"jetpack_shortlink":"https:\/\/wp.me\/p4Qcd3-1UW","_links":{"self":[{"href":"https:\/\/lospoliticosveracruz.com.mx\/index.php?rest_route=\/wp\/v2\/posts\/7374","targetHints":{"allow":["GET"]}}],"collection":[{"href":"https:\/\/lospoliticosveracruz.com.mx\/index.php?rest_route=\/wp\/v2\/posts"}],"about":[{"href":"https:\/\/lospoliticosveracruz.com.mx\/index.php?rest_route=\/wp\/v2\/types\/post"}],"author":[{"embeddable":true,"href":"https:\/\/lospoliticosveracruz.com.mx\/index.php?rest_route=\/wp\/v2\/users\/1"}],"replies":[{"embeddable":true,"href":"https:\/\/lospoliticosveracruz.com.mx\/index.php?rest_route=%2Fwp%2Fv2%2Fcomments&post=7374"}],"version-history":[{"count":0,"href":"https:\/\/lospoliticosveracruz.com.mx\/index.php?rest_route=\/wp\/v2\/posts\/7374\/revisions"}],"wp:attachment":[{"href":"https:\/\/lospoliticosveracruz.com.mx\/index.php?rest_route=%2Fwp%2Fv2%2Fmedia&parent=7374"}],"wp:term":[{"taxonomy":"category","embeddable":true,"href":"https:\/\/lospoliticosveracruz.com.mx\/index.php?rest_route=%2Fwp%2Fv2%2Fcategories&post=7374"},{"taxonomy":"post_tag","embeddable":true,"href":"https:\/\/lospoliticosveracruz.com.mx\/index.php?rest_route=%2Fwp%2Fv2%2Ftags&post=7374"}],"curies":[{"name":"wp","href":"https:\/\/api.w.org\/{rel}","templated":true}]}}