{"id":7375,"date":"2010-08-24T03:55:00","date_gmt":"2010-08-24T03:55:00","guid":{"rendered":"http:\/\/www.lospoliticosveracruz.com.mx\/?p=7375"},"modified":"2014-10-09T03:43:00","modified_gmt":"2014-10-09T03:43:00","slug":"magistrados-navidenos","status":"publish","type":"post","link":"https:\/\/lospoliticosveracruz.com.mx\/?p=7375","title":{"rendered":"Magistrados navide\u00f1os"},"content":{"rendered":"<p><strong>Enrique Yasser Pompeyo-D\u00edaz<\/strong><br \/><em>Mesa de Redacci\u00f3n<\/em><\/p>\n<p>En el Tribunal Superior de Justicia del Estado continuar\u00e1n los cambios. Para el mes de diciembre cumplir\u00e1n diez a\u00f1os en su cargo otros cuatro magistrados. Por lo que deber\u00e1n retirarse para que otros ocupen su lugar.<br \/>Ellos son: Concepci\u00f3n Flores Saviaga y Ricardo Murga Contreras, quienes integraban la Sala Electoral que calific\u00f3 la elecci\u00f3n del gobernador Fidel Herrera Beltr\u00e1n y actualmente est\u00e1n adscritos a Salas Civiles del Tribunal Superior de Justicia del Estado.<br \/>Los otros dos que tambi\u00e9n deber\u00e1n dejar espacio a nuevos magistrados son Gerardo Basilio de la Vega, actualmente en el Tribunal de lo Contencioso Administrativo en Tuxpan; y Marco Antonio Dom\u00ednguez, quien est\u00e1 adscrito a la S\u00e9ptima Sala Penal.<br \/>El art\u00edculo 59 segundo p\u00e1rrafo, de la Constituci\u00f3n Pol\u00edtica de Veracruz, establece que \u201clos magistrados durar\u00e1n en su cargo diez a\u00f1os improrrogables, y s\u00f3lo ser\u00e1n removidos de conformidad con lo dispuesto por esta Constituci\u00f3n\u201d.<br \/>Por aqu\u00e9llas fechas, el gobernador o tal vez ya le toque al nuevo, tendr\u00e1 que proponer al Congreso los nombramientos de los magistrados que sustituir\u00e1n a los cuatro ya mencionados. Vaya regalote de Navidad para quienes sean los elegidos y designados.<\/p>\n<p>Artesanos y Manos Veracruzanas<br \/>Ya lo mencion\u00e1bamos. Las autoridades municipales no deben ceder a las presiones de grupos de vendedores, que guiados por pseudol\u00edderes tratan de desestabilizar la vida de los xalape\u00f1os, invadiendo espacios p\u00fablicos y obstaculizando banquetas y vialidades.<br \/>Y es que algunos artesanos hace d\u00edas intentaron ocupar la plaza Lerdo y vender su mercanc\u00eda en se\u00f1al de protesta ante la supuesta negaci\u00f3n de m\u00e1s espacios para operar.<br \/>Sin embargo, se les ofreci\u00f3 integrarse a la Expo Artesanal, instalada en el paseo de Los Lagos, desde el fin de semana pasado, propuesta que rechazaron.<br \/>Hay que recordar que la presidente del DIF estatal, Rosa Borunda de Herrera, entreg\u00f3 un espacio denominado Manos Veracruzanas, en beneficio de los artesanos del estado, el cual los manifestantes han rechazado.<br \/>De manera que espacios dignos hay. Habr\u00eda que investigar al lidercillo de los artesanos, quien presumiblemente tiene espacios en otros puntos de la ciudad, algunos de los cuales ha rentado o vendido, y por esa raz\u00f3n quiere m\u00e1s.<\/p>\n<p>enriquepompeyo@hotmail.com<\/p>\n","protected":false},"excerpt":{"rendered":"<p>Enrique Yasser Pompeyo-D\u00edazMesa de Redacci\u00f3n En el Tribunal Superior de Justicia del Estado continuar\u00e1n los cambios. Para el mes de diciembre cumplir\u00e1n diez a\u00f1os en su cargo otros cuatro magistrados. Por lo que deber\u00e1n retirarse para que otros ocupen su lugar.Ellos son: Concepci\u00f3n Flores Saviaga y Ricardo Murga Contreras, quienes integraban la Sala Electoral que [&hellip;]<\/p>\n","protected":false},"author":1,"featured_media":0,"comment_status":"open","ping_status":"open","sticky":false,"template":"","format":"standard","meta":{"_jetpack_newsletter_access":"","_jetpack_dont_email_post_to_subs":false,"_jetpack_newsletter_tier_id":0,"_jetpack_memberships_contains_paywalled_content":false,"_jetpack_memberships_contains_paid_content":false,"footnotes":""},"categories":[1],"tags":[],"class_list":["post-7375","post","type-post","status-publish","format-standard","hentry","category-sin-categoria"],"jetpack_featured_media_url":"","jetpack_sharing_enabled":true,"jetpack_shortlink":"https:\/\/wp.me\/p4Qcd3-1UX","_links":{"self":[{"href":"https:\/\/lospoliticosveracruz.com.mx\/index.php?rest_route=\/wp\/v2\/posts\/7375","targetHints":{"allow":["GET"]}}],"collection":[{"href":"https:\/\/lospoliticosveracruz.com.mx\/index.php?rest_route=\/wp\/v2\/posts"}],"about":[{"href":"https:\/\/lospoliticosveracruz.com.mx\/index.php?rest_route=\/wp\/v2\/types\/post"}],"author":[{"embeddable":true,"href":"https:\/\/lospoliticosveracruz.com.mx\/index.php?rest_route=\/wp\/v2\/users\/1"}],"replies":[{"embeddable":true,"href":"https:\/\/lospoliticosveracruz.com.mx\/index.php?rest_route=%2Fwp%2Fv2%2Fcomments&post=7375"}],"version-history":[{"count":0,"href":"https:\/\/lospoliticosveracruz.com.mx\/index.php?rest_route=\/wp\/v2\/posts\/7375\/revisions"}],"wp:attachment":[{"href":"https:\/\/lospoliticosveracruz.com.mx\/index.php?rest_route=%2Fwp%2Fv2%2Fmedia&parent=7375"}],"wp:term":[{"taxonomy":"category","embeddable":true,"href":"https:\/\/lospoliticosveracruz.com.mx\/index.php?rest_route=%2Fwp%2Fv2%2Fcategories&post=7375"},{"taxonomy":"post_tag","embeddable":true,"href":"https:\/\/lospoliticosveracruz.com.mx\/index.php?rest_route=%2Fwp%2Fv2%2Ftags&post=7375"}],"curies":[{"name":"wp","href":"https:\/\/api.w.org\/{rel}","templated":true}]}}