{"id":73810,"date":"2021-05-23T20:05:07","date_gmt":"2021-05-24T01:05:07","guid":{"rendered":"http:\/\/www.lospoliticosveracruz.com.mx\/?p=73810"},"modified":"2021-05-24T08:54:40","modified_gmt":"2021-05-24T13:54:40","slug":"diana-vs-paty","status":"publish","type":"post","link":"https:\/\/lospoliticosveracruz.com.mx\/?p=73810","title":{"rendered":"Diana vs Paty&#8217;s Team!"},"content":{"rendered":"\n<p>La candidata a la diputaci\u00f3n local por el distrito XV, de la coalici\u00f3n \u201cJuntos Haremos Historia en Veracruz\u201d, Diana Santiago Huesca inform\u00f3 que a trav\u00e9s de los representantes de los partidos Morena, PT y PVEM, se ha interpuesto una denuncia ante el Organismo P\u00fablico Local Electoral de Veracruz (OPLE) contra el equipo de brigadistas de Patricia Lobeira de Yunes.<\/p>\n\n\n\n<div class=\"wp-block-image\"><figure class=\"alignleft size-large\"><a href=\"http:\/\/www.lospoliticosveracruz.com.mx\/wp-content\/uploads\/2021\/05\/Batalla-Cordoba.jpeg\"><img decoding=\"async\" src=\"http:\/\/www.lospoliticosveracruz.com.mx\/wp-content\/uploads\/2021\/05\/Batalla-Cordoba.jpeg\" alt=\"\" class=\"wp-image-72571\"\/><\/a><\/figure><\/div>\n\n\n\n<p><br>Esto derivado de los actos vand\u00e1licos que el pasado s\u00e1bado 22 de mayo de a\u00f1o en curso, donde la casa de la se\u00f1ora Irma Aldana Rivera con direcci\u00f3n en calle retorno O n\u00famero 259 entre calle norte 3 y calle Ruiz Cortines de la colonia Lagos del municipio de Veracruz le fue arrancada sin su consentimiento la lona de la candidata de la coalici\u00f3n Morena, PT, PVEM.<br>La afectada manifest\u00f3 en testimonio que la brigada panista le quit\u00f3 su lona con lujo de violencia, dej\u00e1ndola inservible al reventarle los ojillos donde se cuelga, adem\u00e1s de ser objeto de burla de los trabajadores panistas quienes la invitaron a cambiar la direcci\u00f3n de su domicilio para recibir los beneficios que ellos entregan.<br>Cabe destacar, que el individuo captado en un video registrado por uno de los vecinos, es identificado como trabajador del Ayuntamiento de Veracruz; situaci\u00f3n que ha sido recurrente en diferentes colonias del municipio por los integrantes de las brigadas panistas.<br>\u201cHace unos momentos me fue entregada la denuncia que se present\u00f3 al OPLE, por parte de los representantes distritales de los tres partidos que conforman la coalici\u00f3n \u2013Juntos Haremos Historia en Veracruz-, de los partidos Morena, PT, PVEM, esto para que qued\u00e9 como evidencia de que no vamos andar permitiendo que sean violentados los derechos de los ciudadanos, que de manera amable reciben nuestras propuestas y colocan lonas en su domicilio manifestando su apoyo y que despu\u00e9s lleguen brigadas del PAN, encabezadas en la persona de Patricia Lobeira y que se permita que de una manera violenta y sin autorizaci\u00f3n les arrebaten las lonas; definitivamente es importante que sepan los ciudadanos que nosotros vamos a seguir protegiendo sus derechos\u201d, coment\u00f3 Diana Santiago Huesca.<br>Agreg\u00f3 que su campa\u00f1a ha sido de propuestas y pac\u00edfica, sin embargo, han sido ya en numerosas ocasiones que se han presentado este tipo de actos en contra de sus propaganda electoral, en diferentes colonias que ha visitado, donde los vecinos le han vuelto a solicitar hacerles llegar lonas para volver a colocarlas, sucesos que se presentan principalmente por la noche.<\/p>\n","protected":false},"excerpt":{"rendered":"<p>La candidata a la diputaci\u00f3n local por el distrito XV, de la coalici\u00f3n \u201cJuntos Haremos Historia en Veracruz\u201d, Diana Santiago Huesca inform\u00f3 que a trav\u00e9s de los representantes de los partidos Morena, PT y PVEM, se ha interpuesto una denuncia ante el Organismo P\u00fablico Local Electoral de Veracruz (OPLE) contra el equipo de brigadistas de [&hellip;]<\/p>\n","protected":false},"author":2,"featured_media":0,"comment_status":"closed","ping_status":"closed","sticky":false,"template":"","format":"standard","meta":{"_jetpack_newsletter_access":"","_jetpack_dont_email_post_to_subs":false,"_jetpack_newsletter_tier_id":0,"_jetpack_memberships_contains_paywalled_content":false,"_jetpack_memberships_contains_paid_content":false,"footnotes":""},"categories":[73],"tags":[240,3272,28254,195],"class_list":["post-73810","post","type-post","status-publish","format-standard","hentry","category-de-boleto","tag-diana-santiago-huesca","tag-ople","tag-patricia-lobeira","tag-veracruz"],"jetpack_featured_media_url":"","jetpack_sharing_enabled":true,"jetpack_shortlink":"https:\/\/wp.me\/p4Qcd3-jcu","_links":{"self":[{"href":"https:\/\/lospoliticosveracruz.com.mx\/index.php?rest_route=\/wp\/v2\/posts\/73810","targetHints":{"allow":["GET"]}}],"collection":[{"href":"https:\/\/lospoliticosveracruz.com.mx\/index.php?rest_route=\/wp\/v2\/posts"}],"about":[{"href":"https:\/\/lospoliticosveracruz.com.mx\/index.php?rest_route=\/wp\/v2\/types\/post"}],"author":[{"embeddable":true,"href":"https:\/\/lospoliticosveracruz.com.mx\/index.php?rest_route=\/wp\/v2\/users\/2"}],"replies":[{"embeddable":true,"href":"https:\/\/lospoliticosveracruz.com.mx\/index.php?rest_route=%2Fwp%2Fv2%2Fcomments&post=73810"}],"version-history":[{"count":4,"href":"https:\/\/lospoliticosveracruz.com.mx\/index.php?rest_route=\/wp\/v2\/posts\/73810\/revisions"}],"predecessor-version":[{"id":73836,"href":"https:\/\/lospoliticosveracruz.com.mx\/index.php?rest_route=\/wp\/v2\/posts\/73810\/revisions\/73836"}],"wp:attachment":[{"href":"https:\/\/lospoliticosveracruz.com.mx\/index.php?rest_route=%2Fwp%2Fv2%2Fmedia&parent=73810"}],"wp:term":[{"taxonomy":"category","embeddable":true,"href":"https:\/\/lospoliticosveracruz.com.mx\/index.php?rest_route=%2Fwp%2Fv2%2Fcategories&post=73810"},{"taxonomy":"post_tag","embeddable":true,"href":"https:\/\/lospoliticosveracruz.com.mx\/index.php?rest_route=%2Fwp%2Fv2%2Ftags&post=73810"}],"curies":[{"name":"wp","href":"https:\/\/api.w.org\/{rel}","templated":true}]}}