{"id":73813,"date":"2021-05-23T20:18:10","date_gmt":"2021-05-24T01:18:10","guid":{"rendered":"http:\/\/www.lospoliticosveracruz.com.mx\/?p=73813"},"modified":"2021-05-23T20:18:14","modified_gmt":"2021-05-24T01:18:14","slug":"paco-tambien-es-miguel","status":"publish","type":"post","link":"https:\/\/lospoliticosveracruz.com.mx\/?p=73813","title":{"rendered":"Paco tambi\u00e9n es Miguel!"},"content":{"rendered":"\n<p><em>Veracruz<\/em><br>El candidato de la coalici\u00f3n \u201cVa por M\u00e9xico\u201d a la diputaci\u00f3n federal por el distrito IV de Veracruz, Paco Guti\u00e9rrez de Velasco Urtaza, form\u00f3 parte de la marcha de apoyo a Miguel \u00c1ngel Yunes M\u00e1rquez, a quien el Tribunal Electoral de Veracruz le cancel\u00f3 su candidatura a la alcald\u00eda del puerto.<\/p>\n\n\n\n<p>\u201cAsist\u00ed a la marcha de apoyo a un gran sentir ciudadano, estamos en campa\u00f1a y hemos visto que la guerra sucia est\u00e1 a todo lo que da\u201d, indic\u00f3.<\/p>\n\n\n\n<p>Guti\u00e9rrez de Velasco Urtaza est\u00e1 convencido que la lucha sigue y que la raz\u00f3n se ver\u00e1 el pr\u00f3ximo 6 de junio, cuando los candidatos del PAN y de la alianza obtengan victorias: \u201cS\u00e9 que tenemos la confianza y el respaldo de los veracruzanos\u201d.<\/p>\n\n\n\n<p>Est\u00e1 convencido que, para obtener mejores resultados, los panistas y todos aquellos que conforman la alianza deben estar unidos: \u201cYa hemos visto que cuando el partido est\u00e1 unido gana y ahora con dos fuerzas pol\u00edticas en coalici\u00f3n hay m\u00e1s fuerza\u201d.<\/p>\n\n\n\n<p>A\u00f1adi\u00f3 que las campa\u00f1as se van a intensificar y por ello hay disposici\u00f3n para caminar y tocar puertas, sin descanso, para obtener el voto.<\/p>\n","protected":false},"excerpt":{"rendered":"<p>VeracruzEl candidato de la coalici\u00f3n \u201cVa por M\u00e9xico\u201d a la diputaci\u00f3n federal por el distrito IV de Veracruz, Paco Guti\u00e9rrez de Velasco Urtaza, form\u00f3 parte de la marcha de apoyo a Miguel \u00c1ngel Yunes M\u00e1rquez, a quien el Tribunal Electoral de Veracruz le cancel\u00f3 su candidatura a la alcald\u00eda del puerto. \u201cAsist\u00ed a la marcha [&hellip;]<\/p>\n","protected":false},"author":2,"featured_media":0,"comment_status":"closed","ping_status":"closed","sticky":false,"template":"","format":"standard","meta":{"_jetpack_newsletter_access":"","_jetpack_dont_email_post_to_subs":false,"_jetpack_newsletter_tier_id":0,"_jetpack_memberships_contains_paywalled_content":false,"_jetpack_memberships_contains_paid_content":false,"footnotes":""},"categories":[73],"tags":[536,28255,195],"class_list":["post-73813","post","type-post","status-publish","format-standard","hentry","category-de-boleto","tag-miguel-angel-yunes-marquez","tag-paco-gutierrez-de-velasco-yunes-marquez-se-que-tenemos-la-confianza-y-el-respaldo-de-los-veracruzanos","tag-veracruz"],"jetpack_featured_media_url":"","jetpack_sharing_enabled":true,"jetpack_shortlink":"https:\/\/wp.me\/p4Qcd3-jcx","_links":{"self":[{"href":"https:\/\/lospoliticosveracruz.com.mx\/index.php?rest_route=\/wp\/v2\/posts\/73813","targetHints":{"allow":["GET"]}}],"collection":[{"href":"https:\/\/lospoliticosveracruz.com.mx\/index.php?rest_route=\/wp\/v2\/posts"}],"about":[{"href":"https:\/\/lospoliticosveracruz.com.mx\/index.php?rest_route=\/wp\/v2\/types\/post"}],"author":[{"embeddable":true,"href":"https:\/\/lospoliticosveracruz.com.mx\/index.php?rest_route=\/wp\/v2\/users\/2"}],"replies":[{"embeddable":true,"href":"https:\/\/lospoliticosveracruz.com.mx\/index.php?rest_route=%2Fwp%2Fv2%2Fcomments&post=73813"}],"version-history":[{"count":1,"href":"https:\/\/lospoliticosveracruz.com.mx\/index.php?rest_route=\/wp\/v2\/posts\/73813\/revisions"}],"predecessor-version":[{"id":73816,"href":"https:\/\/lospoliticosveracruz.com.mx\/index.php?rest_route=\/wp\/v2\/posts\/73813\/revisions\/73816"}],"wp:attachment":[{"href":"https:\/\/lospoliticosveracruz.com.mx\/index.php?rest_route=%2Fwp%2Fv2%2Fmedia&parent=73813"}],"wp:term":[{"taxonomy":"category","embeddable":true,"href":"https:\/\/lospoliticosveracruz.com.mx\/index.php?rest_route=%2Fwp%2Fv2%2Fcategories&post=73813"},{"taxonomy":"post_tag","embeddable":true,"href":"https:\/\/lospoliticosveracruz.com.mx\/index.php?rest_route=%2Fwp%2Fv2%2Ftags&post=73813"}],"curies":[{"name":"wp","href":"https:\/\/api.w.org\/{rel}","templated":true}]}}