{"id":73843,"date":"2021-05-24T12:23:26","date_gmt":"2021-05-24T17:23:26","guid":{"rendered":"http:\/\/www.lospoliticosveracruz.com.mx\/?p=73843"},"modified":"2021-05-24T12:23:31","modified_gmt":"2021-05-24T17:23:31","slug":"los-yunes-en-su-cancha","status":"publish","type":"post","link":"https:\/\/lospoliticosveracruz.com.mx\/?p=73843","title":{"rendered":"Los Yunes, en su cancha"},"content":{"rendered":"\n<p><strong>Sergio Gonz\u00e1lez Levet<\/strong><\/p>\n\n\n\n<p><em>Sin tacto<br><\/em><\/p>\n\n\n\n<p>Eso se llama ense\u00f1ar el m\u00fasculo. M\u00e1s de 10 mil gentes -seg\u00fan los datos m\u00e1s conservadores- y menos de 20 mil -de acuerdo con el miedo de los que irremisiblemente van a perder el poder- fueron los veracruzanos que se vistieron de blanco y dieron muestra de la fuerza yunista en Vera-Boca.<\/p>\n\n\n\n<div class=\"wp-block-image\"><figure class=\"alignleft size-large\"><a href=\"http:\/\/www.lospoliticosveracruz.com.mx\/wp-content\/uploads\/2021\/05\/Batalla-Cordoba.jpeg\"><img decoding=\"async\" src=\"http:\/\/www.lospoliticosveracruz.com.mx\/wp-content\/uploads\/2021\/05\/Batalla-Cordoba.jpeg\" alt=\"\" class=\"wp-image-72571\"\/><\/a><\/figure><\/div>\n\n\n\n<p><br>Llenaron toda la Avenida independencia, desde el Z\u00f3calo y La Parroquia hasta el Parque Zamora, y pintaron la esperanza alba de que ah\u00ed tampoco van a ganar las triqui\u00f1uelas, ni el manejo abusivo del poder, ni la presi\u00f3n de las bimenstruales d\u00e1divas sociales.<br>Los \u00bfestrategas? morenistas no han siquiera empezado a entender que si quieres luchar contra tu enemigo en las mejores condiciones nunca debes hacerlo en su campo de batalla, en su cancha.<br>Los Yunes azules vieron c\u00f3mo el partido oficial y la oficialidad ca\u00edan en la trampa y terminaron luchando en el terreno de aqu\u00e9llos, en donde se mueven a satisfacci\u00f3n.<br>S\u00ed, su campo, en el enfrentamiento directo, y eso eso son maestros.<br>Seguramente ya sab\u00edan que eso pasar\u00eda y prepararon con toda calma la marcha de la libertad, que termin\u00f3 dejando constancia de que en el Puerto no hay quien les gane electoralmente.<br>Y m\u00e1s, tambi\u00e9n dejaron n dicho que lo se van a dejar y defender\u00e1n a como d\u00e9 lugar al voto mayoritario que tienen.<br>No vimos a Miguel \u00c1ngel padre, pero ah\u00ed estuvo siempre.<br>Tampoco vimos a Fernando el presidente municipal, porque no deb\u00eda estar, pero sus simpat\u00edas populares se arremolinaron en torno a su hermano.<br>Es un error grave de t\u00e1ctica querer ganarle al panismo jarocho en su baluarte con armas que los blanquiazul es saben detener y atacar.<br>Pero no entienden\u2026<br>Y lo van a entender hasta el 6 de junio, cuando al temor de haber perdido se sume el terror de saber que el Patriarca -ya saben qui\u00e9n- est\u00e1 enojado, muy enojado, y va a mostrar su disgusto contra los in\u00fatiles que no supieron conservar los votos que les hab\u00eda regalado en 2018.<br>Ah\u00ed s\u00ed que van a temblar.<\/p>\n\n\n\n<p>sglevet@gmail.com<\/p>\n","protected":false},"excerpt":{"rendered":"<p>Sergio Gonz\u00e1lez Levet Sin tacto Eso se llama ense\u00f1ar el m\u00fasculo. M\u00e1s de 10 mil gentes -seg\u00fan los datos m\u00e1s conservadores- y menos de 20 mil -de acuerdo con el miedo de los que irremisiblemente van a perder el poder- fueron los veracruzanos que se vistieron de blanco y dieron muestra de la fuerza yunista [&hellip;]<\/p>\n","protected":false},"author":2,"featured_media":0,"comment_status":"closed","ping_status":"closed","sticky":false,"template":"","format":"standard","meta":{"_jetpack_newsletter_access":"","_jetpack_dont_email_post_to_subs":false,"_jetpack_newsletter_tier_id":0,"_jetpack_memberships_contains_paywalled_content":false,"_jetpack_memberships_contains_paid_content":false,"footnotes":""},"categories":[70],"tags":[28259,536,1026,266,11919],"class_list":["post-73843","post","type-post","status-publish","format-standard","hentry","category-de-opinion","tag-fuerza-yunista","tag-miguel-angel-yunes-marquez","tag-morena","tag-pan","tag-paty-lobeira"],"jetpack_featured_media_url":"","jetpack_sharing_enabled":true,"jetpack_shortlink":"https:\/\/wp.me\/p4Qcd3-jd1","_links":{"self":[{"href":"https:\/\/lospoliticosveracruz.com.mx\/index.php?rest_route=\/wp\/v2\/posts\/73843","targetHints":{"allow":["GET"]}}],"collection":[{"href":"https:\/\/lospoliticosveracruz.com.mx\/index.php?rest_route=\/wp\/v2\/posts"}],"about":[{"href":"https:\/\/lospoliticosveracruz.com.mx\/index.php?rest_route=\/wp\/v2\/types\/post"}],"author":[{"embeddable":true,"href":"https:\/\/lospoliticosveracruz.com.mx\/index.php?rest_route=\/wp\/v2\/users\/2"}],"replies":[{"embeddable":true,"href":"https:\/\/lospoliticosveracruz.com.mx\/index.php?rest_route=%2Fwp%2Fv2%2Fcomments&post=73843"}],"version-history":[{"count":1,"href":"https:\/\/lospoliticosveracruz.com.mx\/index.php?rest_route=\/wp\/v2\/posts\/73843\/revisions"}],"predecessor-version":[{"id":73844,"href":"https:\/\/lospoliticosveracruz.com.mx\/index.php?rest_route=\/wp\/v2\/posts\/73843\/revisions\/73844"}],"wp:attachment":[{"href":"https:\/\/lospoliticosveracruz.com.mx\/index.php?rest_route=%2Fwp%2Fv2%2Fmedia&parent=73843"}],"wp:term":[{"taxonomy":"category","embeddable":true,"href":"https:\/\/lospoliticosveracruz.com.mx\/index.php?rest_route=%2Fwp%2Fv2%2Fcategories&post=73843"},{"taxonomy":"post_tag","embeddable":true,"href":"https:\/\/lospoliticosveracruz.com.mx\/index.php?rest_route=%2Fwp%2Fv2%2Ftags&post=73843"}],"curies":[{"name":"wp","href":"https:\/\/api.w.org\/{rel}","templated":true}]}}