{"id":73845,"date":"2021-05-24T12:28:41","date_gmt":"2021-05-24T17:28:41","guid":{"rendered":"http:\/\/www.lospoliticosveracruz.com.mx\/?p=73845"},"modified":"2021-05-24T12:28:44","modified_gmt":"2021-05-24T17:28:44","slug":"la-monsi-si-reanudo-clases","status":"publish","type":"post","link":"https:\/\/lospoliticosveracruz.com.mx\/?p=73845","title":{"rendered":"La Monsi s\u00ed reanud\u00f3 clases!"},"content":{"rendered":"\n<p><strong>Veracruz<\/strong><br>En el puerto de Veracruz solo las escuelas particulares retornaron a clases presenciales, entre ellas el Colegio Carlos Monsiv\u00e1is.<br>Este lunes, el gobierno del estado program\u00f3 el regreso a las aulas tras casi un a\u00f1o de ausencia por la pandemia del coronavirus.<br>El colegio Carlos Monsiv\u00e1is aplic\u00f3 las medidas sanitarias para prevenir posibles contagios de COVID-19.<br>En la entrada fue colocada una c\u00e1psula sanitizante para maestros y alumnos.<br>Dos de los requisitos para poder ingresar a las aulas fueron el medirse la temperatura y utilizar gel antibacterial.<br>Rita Mar\u00eda Bautista Peraza, directora y fundadora del Colegio, coment\u00f3 que se estableci\u00f3 un \u00abesquema h\u00edbrido\u00bb, es decir, grupos reducidos (de 3 a 5 alumnos por sal\u00f3n) y el resto de los estudiantes desde casa.<br>En ese sentido, los padres de familia firmaron un documento \u00abcarta responsiva\u00bb donde autorizaban a sus hijos volver a las aulas y tambi\u00e9n en el que garantizaban que los estudiantes no presentan s\u00edntomas como tos o temperatura alta.<\/p>\n","protected":false},"excerpt":{"rendered":"<p>VeracruzEn el puerto de Veracruz solo las escuelas particulares retornaron a clases presenciales, entre ellas el Colegio Carlos Monsiv\u00e1is.Este lunes, el gobierno del estado program\u00f3 el regreso a las aulas tras casi un a\u00f1o de ausencia por la pandemia del coronavirus.El colegio Carlos Monsiv\u00e1is aplic\u00f3 las medidas sanitarias para prevenir posibles contagios de COVID-19.En la [&hellip;]<\/p>\n","protected":false},"author":2,"featured_media":0,"comment_status":"closed","ping_status":"closed","sticky":false,"template":"","format":"standard","meta":{"_jetpack_newsletter_access":"","_jetpack_dont_email_post_to_subs":false,"_jetpack_newsletter_tier_id":0,"_jetpack_memberships_contains_paywalled_content":false,"_jetpack_memberships_contains_paid_content":false,"footnotes":""},"categories":[6446],"tags":[19267,5899,28262,195],"class_list":["post-73845","post","type-post","status-publish","format-standard","hentry","category-la-nota","tag-medidas-sanitarias","tag-regreso-a-clases","tag-rita-maria-bautista-peraza","tag-veracruz"],"jetpack_featured_media_url":"","jetpack_sharing_enabled":true,"jetpack_shortlink":"https:\/\/wp.me\/p4Qcd3-jd3","_links":{"self":[{"href":"https:\/\/lospoliticosveracruz.com.mx\/index.php?rest_route=\/wp\/v2\/posts\/73845","targetHints":{"allow":["GET"]}}],"collection":[{"href":"https:\/\/lospoliticosveracruz.com.mx\/index.php?rest_route=\/wp\/v2\/posts"}],"about":[{"href":"https:\/\/lospoliticosveracruz.com.mx\/index.php?rest_route=\/wp\/v2\/types\/post"}],"author":[{"embeddable":true,"href":"https:\/\/lospoliticosveracruz.com.mx\/index.php?rest_route=\/wp\/v2\/users\/2"}],"replies":[{"embeddable":true,"href":"https:\/\/lospoliticosveracruz.com.mx\/index.php?rest_route=%2Fwp%2Fv2%2Fcomments&post=73845"}],"version-history":[{"count":1,"href":"https:\/\/lospoliticosveracruz.com.mx\/index.php?rest_route=\/wp\/v2\/posts\/73845\/revisions"}],"predecessor-version":[{"id":73849,"href":"https:\/\/lospoliticosveracruz.com.mx\/index.php?rest_route=\/wp\/v2\/posts\/73845\/revisions\/73849"}],"wp:attachment":[{"href":"https:\/\/lospoliticosveracruz.com.mx\/index.php?rest_route=%2Fwp%2Fv2%2Fmedia&parent=73845"}],"wp:term":[{"taxonomy":"category","embeddable":true,"href":"https:\/\/lospoliticosveracruz.com.mx\/index.php?rest_route=%2Fwp%2Fv2%2Fcategories&post=73845"},{"taxonomy":"post_tag","embeddable":true,"href":"https:\/\/lospoliticosveracruz.com.mx\/index.php?rest_route=%2Fwp%2Fv2%2Ftags&post=73845"}],"curies":[{"name":"wp","href":"https:\/\/api.w.org\/{rel}","templated":true}]}}