{"id":73860,"date":"2021-05-24T12:44:27","date_gmt":"2021-05-24T17:44:27","guid":{"rendered":"http:\/\/www.lospoliticosveracruz.com.mx\/?p=73860"},"modified":"2021-05-24T12:44:31","modified_gmt":"2021-05-24T17:44:31","slug":"isleno-luser","status":"publish","type":"post","link":"https:\/\/lospoliticosveracruz.com.mx\/?p=73860","title":{"rendered":"Isle\u00f1o, luser!"},"content":{"rendered":"\n<p><strong>Medell\u00edn de Bravo<br><\/strong>\u201cMarcos Isle\u00f1o lleva diez a\u00f1os perdiendo elecciones, siempre es un perdedor y siempre pierde elecciones aunque \u00e9l diga que va adelante en las encuestas al final termina perdiendo la elecci\u00f3n\u201d, afirm\u00f3 el dirigente de \u201cconectando Medell\u00edn\u201d, Luis Mellado.<br>Al ser entrevistado sobre la elecci\u00f3n para alcalde en ese municipio, el activista social y ex aspirante a la presidencia municipal por Morena, Luis Mellado, se\u00f1al\u00f3 que \u201cdesde el 2010 Marcos lleva perdiendo elecciones, ya sea como candidato o como responsable de la elecci\u00f3n\u201d.<br>\u201cDesde el 2011 todos los procesos electorales donde Marcos ha estado inmiscuido, sea como coordinador, sea como responsable y jefe pol\u00edtico, sea como candidato se han perdido\u201d, consider\u00f3 Mellado.<br>El activista social ex aspirante de Morena, asegur\u00f3 que Isle\u00f1o siempre sale a decir que va adelante en las encuestas, pero al final termina perdiendo la elecci\u00f3n\u201d.<br>\u201cEllos siempre salen a resaltar que ganan las encuestas, sus encuestas. Por eso no es de extra\u00f1arse que a estas alturas nuevamente se proclame vencedor y menos nos va a extra\u00f1ar que el pr\u00f3ximo seis de junio el ganador de la elecci\u00f3n sea quien verdaderamente l\u00edderea las encuestas: Gabriel C\u00e1rdenas\u201d, vaticin\u00f3.<br>Luis Mellado finaliz\u00f3 diciendo que le recomienda a Marcos Isle\u00f1o cambiar de encuestador, \u201cmi humilde recomendaci\u00f3n ser\u00eda decirle que se busque una nueva casa encuestadora que le diga la verdad: el pr\u00f3ximo seis de junio \u00e9l va a volver a perder en Medell\u00edn\u201d.<\/p>\n","protected":false},"excerpt":{"rendered":"<p>Medell\u00edn de Bravo\u201cMarcos Isle\u00f1o lleva diez a\u00f1os perdiendo elecciones, siempre es un perdedor y siempre pierde elecciones aunque \u00e9l diga que va adelante en las encuestas al final termina perdiendo la elecci\u00f3n\u201d, afirm\u00f3 el dirigente de \u201cconectando Medell\u00edn\u201d, Luis Mellado.Al ser entrevistado sobre la elecci\u00f3n para alcalde en ese municipio, el activista social y ex [&hellip;]<\/p>\n","protected":false},"author":2,"featured_media":0,"comment_status":"closed","ping_status":"closed","sticky":false,"template":"","format":"standard","meta":{"_jetpack_newsletter_access":"","_jetpack_dont_email_post_to_subs":false,"_jetpack_newsletter_tier_id":0,"_jetpack_memberships_contains_paywalled_content":false,"_jetpack_memberships_contains_paid_content":false,"footnotes":""},"categories":[73],"tags":[24613,21759,20335,19748,1026],"class_list":["post-73860","post","type-post","status-publish","format-standard","hentry","category-de-boleto","tag-conectando-medellin","tag-gabriel-cardenas","tag-luis-mellado","tag-marcos-isleno","tag-morena"],"jetpack_featured_media_url":"","jetpack_sharing_enabled":true,"jetpack_shortlink":"https:\/\/wp.me\/p4Qcd3-jdi","_links":{"self":[{"href":"https:\/\/lospoliticosveracruz.com.mx\/index.php?rest_route=\/wp\/v2\/posts\/73860","targetHints":{"allow":["GET"]}}],"collection":[{"href":"https:\/\/lospoliticosveracruz.com.mx\/index.php?rest_route=\/wp\/v2\/posts"}],"about":[{"href":"https:\/\/lospoliticosveracruz.com.mx\/index.php?rest_route=\/wp\/v2\/types\/post"}],"author":[{"embeddable":true,"href":"https:\/\/lospoliticosveracruz.com.mx\/index.php?rest_route=\/wp\/v2\/users\/2"}],"replies":[{"embeddable":true,"href":"https:\/\/lospoliticosveracruz.com.mx\/index.php?rest_route=%2Fwp%2Fv2%2Fcomments&post=73860"}],"version-history":[{"count":1,"href":"https:\/\/lospoliticosveracruz.com.mx\/index.php?rest_route=\/wp\/v2\/posts\/73860\/revisions"}],"predecessor-version":[{"id":73861,"href":"https:\/\/lospoliticosveracruz.com.mx\/index.php?rest_route=\/wp\/v2\/posts\/73860\/revisions\/73861"}],"wp:attachment":[{"href":"https:\/\/lospoliticosveracruz.com.mx\/index.php?rest_route=%2Fwp%2Fv2%2Fmedia&parent=73860"}],"wp:term":[{"taxonomy":"category","embeddable":true,"href":"https:\/\/lospoliticosveracruz.com.mx\/index.php?rest_route=%2Fwp%2Fv2%2Fcategories&post=73860"},{"taxonomy":"post_tag","embeddable":true,"href":"https:\/\/lospoliticosveracruz.com.mx\/index.php?rest_route=%2Fwp%2Fv2%2Ftags&post=73860"}],"curies":[{"name":"wp","href":"https:\/\/api.w.org\/{rel}","templated":true}]}}