{"id":73920,"date":"2021-05-24T22:24:16","date_gmt":"2021-05-25T03:24:16","guid":{"rendered":"http:\/\/www.lospoliticosveracruz.com.mx\/?p=73920"},"modified":"2021-05-24T22:24:20","modified_gmt":"2021-05-25T03:24:20","slug":"amenazas-a-candidatos","status":"publish","type":"post","link":"https:\/\/lospoliticosveracruz.com.mx\/?p=73920","title":{"rendered":"Amenazas a candidatos"},"content":{"rendered":"\n<p><strong>Enrique Yasser Pompeyo<\/strong><\/p>\n\n\n\n<p><em>Mesa de Redacci\u00f3n<br><\/em><\/p>\n\n\n\n<p>Las amenazas contra candidatos a los diferentes cargos de elecci\u00f3n popular contin\u00faan en el estado de Veracruz.<br>Pese a lo dicho por las autoridades estatales en el sentido de que se garantizar\u00edan elecciones tranquilas y en paz, la realidad es otra.<br>Dos casos recientes ponen de manifiesto la inseguridad en la que se encuentran los abanderados de los diferentes partidos pol\u00edticos.<br>El primero de ellos se registr\u00f3 en el municipio de Ciudad Mendoza, en la zona centro de la entidad.<br>Ah\u00ed, la candidata perredista a regidora primera, Elda Quintero M\u00e1rmol D\u00edaz, es presionada para que deje la contienda.<br>La amenaza la recibi\u00f3 un familiar suyo para que fuera el portavoz de que, si no renuncia, su familia sufrir\u00eda las consecuencias.<br>La candidata no se dej\u00f3 amedrentar y asegura que continuar\u00e1 en la campa\u00f1a, adem\u00e1s de que interpondr\u00e1 una denuncia para dejar constancia del hecho.<br>El segundo caso se present\u00f3 en el municipio de Cuichapa. Ah\u00ed, la abanderada del Partido del Trabajo a la alcald\u00eda, Ericka Cort\u00e9s, tambi\u00e9n recibi\u00f3 amenazas y tom\u00f3 la decisi\u00f3n de dejar la candidatura.<br>Lo hace, dijo, por el bien de su familia, su equipo y su persona. En sus redes sociales, expuso: \u201clos intereses pol\u00edticos ajenos han rebasado la moral y la libre democracia. Gracias por creer en este proyecto, el proyecto de ustedes\u201d.<br>Como se observa, hay intereses oscuros que est\u00e1n orillando a los candidatos, posicionados o no, a tirar la toalla, pues corren el riesgo de sufrir alguna agresi\u00f3n, al igual que sus familiares.<\/p>\n\n\n\n<p>\u00bfQu\u00e9 est\u00e1n haciendo las autoridades para evitar esta situaci\u00f3n? Todav\u00eda faltan varios d\u00edas de campa\u00f1a y el ambiente pol\u00edtico-electoral se enrarece a\u00fan m\u00e1s.<\/p>\n\n\n\n<p>Se espera que las autoridades estatales act\u00faen antes de que sea demasiado tarde y eviten uno o varios cr\u00edmenes de pol\u00edticos y candidatos.<\/p>\n\n\n\n<p><strong>DIGNIDAD Y VALENT\u00cdA DE J\u00d3VENES, FUNDAMENTALES PARA RECUPERAR VERACRUZ<\/strong><\/p>\n\n\n\n<p>El PRD conf\u00eda en las y los j\u00f3venes de todas las regiones de Veracruz para que, con la suma de su trabajo, visi\u00f3n y talento, pero principalmente con su sufragio a favor del PRD y los partidos de la alianza Va por Veracruz, la entidad salga del hueco en el que lo tienen sumido las administraciones corruptas e ineptas de Morena, que generan atrasado y rezago en perjuicio de todos, manifest\u00f3 Sergio Cadena Mart\u00ednez, presidente de la Direcci\u00f3n Estatal.<\/p>\n\n\n\n<p>Agreg\u00f3 que en las giras que realiza por la entidad para sumarse al trabajo de las y los candidatos de la alianza y del PRD, donde adem\u00e1s aprovechan para revisar la estrategia electoral, dialoga con j\u00f3venes universitarios y profesionistas lo mismo del PRD que del PAN y PRI, para intercambiar puntos de vista y recoger su sentir acerca del momento que atraviesan, pero adem\u00e1s porque su partido ha sido aliado hist\u00f3rico de los movimientos juveniles que han dado forma y transformado al estado y al pa\u00eds.<\/p>\n\n\n\n<p>\u201cHay una gran inercia de j\u00f3venes, estoy convencido que son ellos quienes van a determinar esta elecci\u00f3n y los veo muy activos en todo el estado de Veracruz y esa inercia, esa fuerza de los j\u00f3venes empata y amarra a sus pap\u00e1s; los j\u00f3venes est\u00e1n preparados, est\u00e1n capacitados y hoy rechazan a los que dijeron que iban a acabar con la pobreza y solo han hecho un gobierno de ocurrencias\u201d, se\u00f1al\u00f3.<\/p>\n\n\n\n<p>Cadena Mart\u00ednez destac\u00f3 la urgencia de rescatar a Veracruz de la mano de las y los j\u00f3venes, quienes adem\u00e1s de significar poco m\u00e1s del 20 por ciento del padr\u00f3n electoral est\u00e1n haciendo conciencia de que votar por los partidos de la alianza Va por Veracruz y Va por M\u00e9xico, les permitir\u00e1 mantener viva la idea de un mejor futuro.<\/p>\n\n\n\n<p>El l\u00edder apunt\u00f3 que escuchar a las y los j\u00f3venes le ha permitido afinar la estrategia que lleve al triunfo a los candidatos del PRD, y destac\u00f3 la coincidencia de que ellos tambi\u00e9n saben que lo que se juega en esta elecci\u00f3n no es una alcald\u00eda, una diputaci\u00f3n o un puesto, sino el futuro de la actual generaci\u00f3n y el legado de sus padres y abuelos. \u201cCon la suma de los j\u00f3venes y el PRD ya saben el futuro que nos espera, pero sobre todo qu\u00e9 acciones se est\u00e1n tomando al respecto, con decisi\u00f3n y visi\u00f3n para que no sigamos por el camino que nos va a hundir; Ni la federaci\u00f3n ni el estado est\u00e1n actuando y esa pasividad literalmente nos va a matar y esta truncando el desarrollo y el futuro de nuestra sociedad y de los ni\u00f1os y j\u00f3venes\u201d.<\/p>\n\n\n\n<p><strong>DESCUENTOS EN PREDIAL DE XALAPA PARA QUIENES RECICLEN<\/strong><\/p>\n\n\n\n<p>Para respaldar a la poblaci\u00f3n en el pago del impuesto predial y motivarlos en la cultura de la sustentabilidad, el nuevo gobierno municipal de Xalapa har\u00e1 descuentos en este pago a los ciudadanos que reciclen, as\u00ed lo consider\u00f3 David Velasco Chedraui, candidato de la coalici\u00f3n \u201cVeracruz Va\u201d a la presidencia municipal de la capital.<\/p>\n\n\n\n<p>Dijo que se trata de un programa que ha dado resultados en otras demarcaciones y que buscar\u00e1 aplicarlo en Xalapa. \u201cDe inicio estaremos recibiendo PET, cart\u00f3n y cristal. A cada familia se le dar\u00e1 un vale con el valor econ\u00f3mico del producto que entregue, el cual ser\u00e1 aplicado al momento de hacer su pago anual o semestral del impuesto predial\u201d.<\/p>\n\n\n\n<p>David Velasco Chedraui coment\u00f3 que el actual gobierno morenista, que presum\u00eda de una gran cultura de sustentabilidad, no logr\u00f3 concretar el proyecto de reciclaje en la ciudad, porque en realidad no les interesaba. \u201cNosotros implementaremos este programa que adem\u00e1s se ver\u00e1 reflejado en el bolsillo de las familias xalape\u00f1as\u201d.<\/p>\n\n\n\n<p>El candidato aliancista destac\u00f3 que la cultura del reciclaje tiene naturalmente beneficios ambientales, pero tambi\u00e9n ventajas econ\u00f3micas \u201cy esa es la parte social que nosotros explotaremos\u201d. As\u00ed, se refiri\u00f3 a la norma de las tres \u201cerres\u201d, Reducci\u00f3n, Reutilizaci\u00f3n y Reciclaje, que se aplica en esta cultura ecol\u00f3gica para detener el aumento de los residuos s\u00f3lidos.<\/p>\n\n\n\n<p>David Velasco Chedraui recorri\u00f3 las colonias Casa Blanca, Lomas de Casa Blanca, Higueras, Centenario, Her\u00f3n Proal y Francisco Villa, donde atendi\u00f3 diversas demandas sobre introducci\u00f3n de servicios p\u00fablicos. El abanderado lament\u00f3 que las actuales autoridades municipales sean profesionistas con poca experiencia y conocimiento, y que hayan venido de otros lados como una forma de recompensar su militancia y no su capacidad.<\/p>\n\n\n\n<p><strong>PARQUE ECOL\u00d3GICO EL NARANJILLO<\/strong><\/p>\n\n\n\n<p>Vecinos de la colonia Casa Blanca le presentaron el proyecto ejecutivo para la conclusi\u00f3n de las obras de saneamiento, drenaje y abasto de agua potable que beneficiar\u00eda a cientos de familias que habitan en torno al Parque Ecol\u00f3gico El Naranjillo, convertido en un \u00e1rea natural.<\/p>\n\n\n\n<p>Velasco Chedraui se\u00f1al\u00f3 que la primera condici\u00f3n para que los recursos federales bajen es que se realicen proyectos ejecutivos t\u00e9cnica y econ\u00f3micamente viables que faciliten la aprobaci\u00f3n por parte de la C\u00e1mara de Diputados. \u201cNo devolveremos un peso de la Federaci\u00f3n del presupuesto que corresponde a los xalape\u00f1os. La Colonia Casa Blanca es un ejemplo de lo que se puede lograr cuando los ciudadanos de organizan en torno a intereses comunes\u201d, indic\u00f3.<\/p>\n\n\n\n<p>enriquepompeyo@hotmail.com<\/p>\n","protected":false},"excerpt":{"rendered":"<p>Enrique Yasser Pompeyo Mesa de Redacci\u00f3n Las amenazas contra candidatos a los diferentes cargos de elecci\u00f3n popular contin\u00faan en el estado de Veracruz.Pese a lo dicho por las autoridades estatales en el sentido de que se garantizar\u00edan elecciones tranquilas y en paz, la realidad es otra.Dos casos recientes ponen de manifiesto la inseguridad en la [&hellip;]<\/p>\n","protected":false},"author":2,"featured_media":0,"comment_status":"closed","ping_status":"closed","sticky":false,"template":"","format":"standard","meta":{"_jetpack_newsletter_access":"","_jetpack_dont_email_post_to_subs":false,"_jetpack_newsletter_tier_id":0,"_jetpack_memberships_contains_paywalled_content":false,"_jetpack_memberships_contains_paid_content":false,"footnotes":""},"categories":[70],"tags":[794,407,28303,553,15477,28304,1469,196,28305,2326,1709,107,7887,25054,195],"class_list":["post-73920","post","type-post","status-publish","format-standard","hentry","category-de-opinion","tag-casa-blanca","tag-david-velasco-chedraui","tag-elda-quintero-marmol-diaz-2","tag-eleccion-popular","tag-enrique-yasser-pompeyo","tag-ericka-cortes","tag-impuesto-predial","tag-inseguridad","tag-parque-ecologico-el-naranjillo","tag-partido-del-trabajo","tag-partidos-politicos","tag-prd","tag-sergio-cadena-martinez","tag-va-por-veracruz","tag-veracruz"],"jetpack_featured_media_url":"","jetpack_sharing_enabled":true,"jetpack_shortlink":"https:\/\/wp.me\/p4Qcd3-jeg","_links":{"self":[{"href":"https:\/\/lospoliticosveracruz.com.mx\/index.php?rest_route=\/wp\/v2\/posts\/73920","targetHints":{"allow":["GET"]}}],"collection":[{"href":"https:\/\/lospoliticosveracruz.com.mx\/index.php?rest_route=\/wp\/v2\/posts"}],"about":[{"href":"https:\/\/lospoliticosveracruz.com.mx\/index.php?rest_route=\/wp\/v2\/types\/post"}],"author":[{"embeddable":true,"href":"https:\/\/lospoliticosveracruz.com.mx\/index.php?rest_route=\/wp\/v2\/users\/2"}],"replies":[{"embeddable":true,"href":"https:\/\/lospoliticosveracruz.com.mx\/index.php?rest_route=%2Fwp%2Fv2%2Fcomments&post=73920"}],"version-history":[{"count":1,"href":"https:\/\/lospoliticosveracruz.com.mx\/index.php?rest_route=\/wp\/v2\/posts\/73920\/revisions"}],"predecessor-version":[{"id":73922,"href":"https:\/\/lospoliticosveracruz.com.mx\/index.php?rest_route=\/wp\/v2\/posts\/73920\/revisions\/73922"}],"wp:attachment":[{"href":"https:\/\/lospoliticosveracruz.com.mx\/index.php?rest_route=%2Fwp%2Fv2%2Fmedia&parent=73920"}],"wp:term":[{"taxonomy":"category","embeddable":true,"href":"https:\/\/lospoliticosveracruz.com.mx\/index.php?rest_route=%2Fwp%2Fv2%2Fcategories&post=73920"},{"taxonomy":"post_tag","embeddable":true,"href":"https:\/\/lospoliticosveracruz.com.mx\/index.php?rest_route=%2Fwp%2Fv2%2Ftags&post=73920"}],"curies":[{"name":"wp","href":"https:\/\/api.w.org\/{rel}","templated":true}]}}