{"id":73932,"date":"2021-05-25T09:01:43","date_gmt":"2021-05-25T14:01:43","guid":{"rendered":"http:\/\/www.lospoliticosveracruz.com.mx\/?p=73932"},"modified":"2021-05-25T09:01:46","modified_gmt":"2021-05-25T14:01:46","slug":"omision-y-desinteres-de-autoridades-a-feminicidios","status":"publish","type":"post","link":"https:\/\/lospoliticosveracruz.com.mx\/?p=73932","title":{"rendered":"Omisi\u00f3n y desinter\u00e9s de autoridades a feminicidios!"},"content":{"rendered":"\n<p><strong>Xalapa<\/strong><\/p>\n\n\n\n<p>El incremento de la violencia hacia mujeres y ni\u00f1as, que da como resultado que Veracruz sea de los primeros lugares en feminicidios, es debido a la omisi\u00f3n y desinter\u00e9s por parte del Gobierno y del mismo Congreso del Estado, coment\u00f3 la candidata a diputada por el Distrito 11, Xalapa Rural, Lillian Cerecedo y se pronunci\u00f3 por crear una mesa de expertos para consolidar una nueva Ley que ponga freno a estas alarmantes cifras.<\/p>\n\n\n\n<p>Para la abanderada de la alianza Veracruz Va, integrada por los partidos PAN-PRI-PRD existe un desinter\u00e9s total por parte de las actuales autoridades para reducir los \u00edndices de violencia hacia la mujer, mismos que se han incrementado a partir del confinamiento social debido a la pandemia de Coronavirus, Covid-19.<\/p>\n\n\n\n<p>Se\u00f1al\u00f3 que, \u201cno es con toques de queda, como el que propuso la actual diputada de Morena, como se va a solucionar la violencia contra las mujeres, debe existir una pol\u00edtica integral en la que participen todos, autoridades y sociedad organizada\u201d.<\/p>\n\n\n\n<p>De esta manera, la empresaria xalape\u00f1a indic\u00f3 que ser\u00e1 de gran importancia instaurar, de forma inmediata, una mesa de di\u00e1logo con las autoridades involucradas en este tema como lo son: el Instituto Veracruzano de las Mujeres (IVM), la Fiscal\u00eda General del Estado, la Secretar\u00eda de Seguridad P\u00fablica (SSP), la Secretar\u00eda de Gobierno (Segob), los Institutos Municipales de la Mujer y hacer extensiva la invitaci\u00f3n a catedr\u00e1ticos, universitarios, investigadores y todo aquel que est\u00e9 interesado en formular una mejor estrategia para la defensa y protecci\u00f3n de las mujeres.<\/p>\n\n\n\n<p>Asimismo, Lillian Cerecedo se pronunci\u00f3 porque sea corregido el trabajo del Ayuntamiento en materia de protecci\u00f3n a las mujeres, toda vez que esta administraci\u00f3n dej\u00f3 de hacer importantes acciones como el alumbrado p\u00fablico en zonas de riesgo, la presencia policial en horarios de entrada o salidas de labores, la recuperaci\u00f3n de espacios p\u00fablicos como parques y jardines, entre otros. \u201cEn nombre de la austeridad han dejado de hacer obras que son de vital importancia para que las mujeres vivan seguras\u201d, asegur\u00f3.<\/p>\n","protected":false},"excerpt":{"rendered":"<p>Xalapa El incremento de la violencia hacia mujeres y ni\u00f1as, que da como resultado que Veracruz sea de los primeros lugares en feminicidios, es debido a la omisi\u00f3n y desinter\u00e9s por parte del Gobierno y del mismo Congreso del Estado, coment\u00f3 la candidata a diputada por el Distrito 11, Xalapa Rural, Lillian Cerecedo y se [&hellip;]<\/p>\n","protected":false},"author":2,"featured_media":0,"comment_status":"closed","ping_status":"closed","sticky":false,"template":"","format":"standard","meta":{"_jetpack_newsletter_access":"","_jetpack_dont_email_post_to_subs":false,"_jetpack_newsletter_tier_id":0,"_jetpack_memberships_contains_paywalled_content":false,"_jetpack_memberships_contains_paid_content":false,"footnotes":""},"categories":[73],"tags":[826,27722,266,4182,96],"class_list":["post-73932","post","type-post","status-publish","format-standard","hentry","category-de-boleto","tag-feminicidios","tag-lillian-cerecedo","tag-pan","tag-violencia-contra-las-mujeres","tag-xalapa"],"jetpack_featured_media_url":"","jetpack_sharing_enabled":true,"jetpack_shortlink":"https:\/\/wp.me\/p4Qcd3-jes","_links":{"self":[{"href":"https:\/\/lospoliticosveracruz.com.mx\/index.php?rest_route=\/wp\/v2\/posts\/73932","targetHints":{"allow":["GET"]}}],"collection":[{"href":"https:\/\/lospoliticosveracruz.com.mx\/index.php?rest_route=\/wp\/v2\/posts"}],"about":[{"href":"https:\/\/lospoliticosveracruz.com.mx\/index.php?rest_route=\/wp\/v2\/types\/post"}],"author":[{"embeddable":true,"href":"https:\/\/lospoliticosveracruz.com.mx\/index.php?rest_route=\/wp\/v2\/users\/2"}],"replies":[{"embeddable":true,"href":"https:\/\/lospoliticosveracruz.com.mx\/index.php?rest_route=%2Fwp%2Fv2%2Fcomments&post=73932"}],"version-history":[{"count":1,"href":"https:\/\/lospoliticosveracruz.com.mx\/index.php?rest_route=\/wp\/v2\/posts\/73932\/revisions"}],"predecessor-version":[{"id":73934,"href":"https:\/\/lospoliticosveracruz.com.mx\/index.php?rest_route=\/wp\/v2\/posts\/73932\/revisions\/73934"}],"wp:attachment":[{"href":"https:\/\/lospoliticosveracruz.com.mx\/index.php?rest_route=%2Fwp%2Fv2%2Fmedia&parent=73932"}],"wp:term":[{"taxonomy":"category","embeddable":true,"href":"https:\/\/lospoliticosveracruz.com.mx\/index.php?rest_route=%2Fwp%2Fv2%2Fcategories&post=73932"},{"taxonomy":"post_tag","embeddable":true,"href":"https:\/\/lospoliticosveracruz.com.mx\/index.php?rest_route=%2Fwp%2Fv2%2Ftags&post=73932"}],"curies":[{"name":"wp","href":"https:\/\/api.w.org\/{rel}","templated":true}]}}