{"id":73980,"date":"2021-05-25T15:29:54","date_gmt":"2021-05-25T20:29:54","guid":{"rendered":"http:\/\/www.lospoliticosveracruz.com.mx\/?p=73980"},"modified":"2021-05-25T15:29:57","modified_gmt":"2021-05-25T20:29:57","slug":"renato-los-dejo-callados","status":"publish","type":"post","link":"https:\/\/lospoliticosveracruz.com.mx\/?p=73980","title":{"rendered":"\u00a1Renato los dej\u00f3 callados!"},"content":{"rendered":"\n<p><em>Xalapa<\/em><br>Con ventaja, de forma clara y convincente, Renato Alarc\u00f3n sali\u00f3 vencedor del debate que se llevo a cabo en Emiliano Zapata entre los candidatos a ocupar la Presidencia Municipal a partir de enero de 2022.<\/p>\n\n\n\n<p>Su capacidad, su experiencia en cargos p\u00fablicos y posiciones pol\u00edticas, su formaci\u00f3n y sus propuestas, forman hoy el mejor proyecto para el municipio de la Zona Metropolitana de Xalapa. \u201cLuz para Renato y sombra para los otros candidatos. Del aspirante de MORENA ni hablamos pues no se present\u00f3.&nbsp;<\/p>\n","protected":false},"excerpt":{"rendered":"<p>XalapaCon ventaja, de forma clara y convincente, Renato Alarc\u00f3n sali\u00f3 vencedor del debate que se llevo a cabo en Emiliano Zapata entre los candidatos a ocupar la Presidencia Municipal a partir de enero de 2022. Su capacidad, su experiencia en cargos p\u00fablicos y posiciones pol\u00edticas, su formaci\u00f3n y sus propuestas, forman hoy el mejor proyecto [&hellip;]<\/p>\n","protected":false},"author":2,"featured_media":0,"comment_status":"closed","ping_status":"closed","sticky":false,"template":"","format":"standard","meta":{"_jetpack_newsletter_access":"","_jetpack_dont_email_post_to_subs":false,"_jetpack_newsletter_tier_id":0,"_jetpack_memberships_contains_paywalled_content":false,"_jetpack_memberships_contains_paid_content":false,"footnotes":""},"categories":[73],"tags":[5275,469,1026,3272,3060],"class_list":["post-73980","post","type-post","status-publish","format-standard","hentry","category-de-boleto","tag-debate","tag-emiliano-zapata","tag-morena","tag-ople","tag-renato-alarcon"],"jetpack_featured_media_url":"","jetpack_sharing_enabled":true,"jetpack_shortlink":"https:\/\/wp.me\/p4Qcd3-jfe","_links":{"self":[{"href":"https:\/\/lospoliticosveracruz.com.mx\/index.php?rest_route=\/wp\/v2\/posts\/73980","targetHints":{"allow":["GET"]}}],"collection":[{"href":"https:\/\/lospoliticosveracruz.com.mx\/index.php?rest_route=\/wp\/v2\/posts"}],"about":[{"href":"https:\/\/lospoliticosveracruz.com.mx\/index.php?rest_route=\/wp\/v2\/types\/post"}],"author":[{"embeddable":true,"href":"https:\/\/lospoliticosveracruz.com.mx\/index.php?rest_route=\/wp\/v2\/users\/2"}],"replies":[{"embeddable":true,"href":"https:\/\/lospoliticosveracruz.com.mx\/index.php?rest_route=%2Fwp%2Fv2%2Fcomments&post=73980"}],"version-history":[{"count":1,"href":"https:\/\/lospoliticosveracruz.com.mx\/index.php?rest_route=\/wp\/v2\/posts\/73980\/revisions"}],"predecessor-version":[{"id":73982,"href":"https:\/\/lospoliticosveracruz.com.mx\/index.php?rest_route=\/wp\/v2\/posts\/73980\/revisions\/73982"}],"wp:attachment":[{"href":"https:\/\/lospoliticosveracruz.com.mx\/index.php?rest_route=%2Fwp%2Fv2%2Fmedia&parent=73980"}],"wp:term":[{"taxonomy":"category","embeddable":true,"href":"https:\/\/lospoliticosveracruz.com.mx\/index.php?rest_route=%2Fwp%2Fv2%2Fcategories&post=73980"},{"taxonomy":"post_tag","embeddable":true,"href":"https:\/\/lospoliticosveracruz.com.mx\/index.php?rest_route=%2Fwp%2Fv2%2Ftags&post=73980"}],"curies":[{"name":"wp","href":"https:\/\/api.w.org\/{rel}","templated":true}]}}