{"id":74363,"date":"2021-05-29T12:47:46","date_gmt":"2021-05-29T17:47:46","guid":{"rendered":"http:\/\/www.lospoliticosveracruz.com.mx\/?p=74363"},"modified":"2021-05-29T12:47:50","modified_gmt":"2021-05-29T17:47:50","slug":"engarrotenseme-ahi","status":"publish","type":"post","link":"https:\/\/lospoliticosveracruz.com.mx\/?p=74363","title":{"rendered":"Engarr\u00f3tenseme ah\u00ed!"},"content":{"rendered":"\n<p><\/p>\n\n\n\n<p><strong>Xalapa<br><\/strong>Con la firme intenci\u00f3n de garantizar la plena observancia de los principios de imparcialidad y neutralidad en la contienda electoral, la Secretar\u00eda de Bienestar contempla un estricto programa de blindaje que permite garantizar que sus recursos materiales y humanos no se involucren en beneficio de ning\u00fan candidato o partido pol\u00edtico. Es por ello que, desde el viernes anterior a la jornada electoral, el 4 de junio del 2021, desde las 9 am ser\u00e1n inmovilizadas las instalaciones y veh\u00edculos oficiales.<br>El Delegado de los Programas para el Desarrollo en el Estado de Veracruz, Manuel Huerta Ladr\u00f3n de Guevara, detall\u00f3 que en el caso de esta entidad se llevar\u00e1 a cabo el resguardo de los bienes inmuebles y veh\u00edculos oficiales coloc\u00e1ndoles sellos en las entradas de las instalaciones ubicadas en las 18 direcciones regionales y en los 3 edificios de la Secretar\u00eda de Bienestar ubicados en Xalapa, Boca del R\u00edo y C\u00f3rdoba.<br>\u201cTenemos un programa de blindaje que ha permanecido actuante, de hecho, no atendemos Programas Sociales, hoy actuamos como correcaminos que por decreto se hizo, ya el pa\u00eds se ha transformado, no es como antes, se usaba todo para favorecer al r\u00e9gimen, hoy la verdad nosotros estamos muy satisfechos porque el blindaje ha funcionado, vamos a tomar medidas, por eso justamente vamos a cerrar el 4 en la noche porque tenemos la instrucci\u00f3n de cerrar oficinas con sellos, los veh\u00edculos, estrictamente darle transparencia a la acci\u00f3n p\u00fablica y no regresar a como era antes\u201d, subray\u00f3 Huerta Ladr\u00f3n de Guevara.<br>El viernes anterior a la jornada electoral, 4 de junio del 2021, a las 09:00 horas, se realizar\u00e1 un recorrido de inspecci\u00f3n en los inmuebles, con el prop\u00f3sito de verificar la no existencia de material con contenido propagand\u00edstico electoral, as\u00ed como garantizar la suspensi\u00f3n de propaganda gubernamental.<br>As\u00ed mismo con el prop\u00f3sito de evitar que los recursos del sector sean utilizados con fines distintos a los institucionales, se llevar\u00e1 a cabo el resguardo de bienes inmuebles y veh\u00edculos oficiales, colocando sellos en las entradas de los mismos. estableci\u00e9ndose solo como excepci\u00f3n aquellos veh\u00edculos que en caso de ser necesarios se utilicen para las \u201cBrigadas Correcaminos de Vacunaci\u00f3n\u201d, por tratarse un tema de salud.<br>De igual forma a fin de garantizar que los sellos se respeten en los inmuebles y veh\u00edculos oficiales de la Secretar\u00eda de Bienestar los d\u00edas s\u00e1bado y domingo se realizar\u00e1n recorridos de verificaci\u00f3n y el lunes 7 de junio a las 9:00 horas se proceder\u00e1 al levantar el resguardo, quitando los sellos de veh\u00edculos e inmuebles, cada una de estas actividades ser\u00e1 documentada mediante el levantamiento de actas y evidencias fotogr\u00e1ficas.<br>\u201cQue la gente est\u00e9 tranquila, no somos iguales a los que andaban aqu\u00ed antes que la cosa ha cambiado en serio, de hecho y para m\u00e1s dato, el Secretario actual de Bienestar que tambi\u00e9n fue Senador present\u00f3 la iniciativa para volver delito electoral grave sin derecho a fianza el que alguien haga mal uso de los Programas Sociales, altere cuestiones electorales, entonces es de convicci\u00f3n, de ley, somos proponentes y actuantes para que esto no ocurra porque hemos luchado por la libertad, entonces el pueblo tiene que tomar sus decisiones libremente, en tranquilidad\u201d, reiter\u00f3 el Delegado Federal.<br>Mencion\u00f3 tambi\u00e9n que la Jornada Nacional de Vacunaci\u00f3n igualmente se suspender\u00e1 desde el viernes anterior y se retomar\u00e1 sus actividades el martes 8 con la siguiente generaci\u00f3n poblacional de 40 a 49 a\u00f1os. Por lo que dijo los registros en la p\u00e1gina se encuentran ya abiertos para que las personas de esta edad comiencen con su proceso de inscripci\u00f3n.<br>Dijo finalmente que este s\u00e1bado se dar\u00e1 a conocer las convocatorias de los siguientes macrocentros de vacunaci\u00f3n que se instalar\u00e1n en 50 municipios para atender a la poblaci\u00f3n de las 100 localidades con mayor n\u00facleo poblacional de 50 a 59 a\u00f1os de edad y concluir con este sector de la poblaci\u00f3n cuando menos en su primera dosis, reiter\u00f3 que el compromiso es que en el mes de octubre toda la poblaci\u00f3n est\u00e9 vacunada y este se cumplir\u00e1.<\/p>\n","protected":false},"excerpt":{"rendered":"<p>XalapaCon la firme intenci\u00f3n de garantizar la plena observancia de los principios de imparcialidad y neutralidad en la contienda electoral, la Secretar\u00eda de Bienestar contempla un estricto programa de blindaje que permite garantizar que sus recursos materiales y humanos no se involucren en beneficio de ning\u00fan candidato o partido pol\u00edtico. Es por ello que, desde [&hellip;]<\/p>\n","protected":false},"author":2,"featured_media":0,"comment_status":"closed","ping_status":"closed","sticky":false,"template":"","format":"standard","meta":{"_jetpack_newsletter_access":"","_jetpack_dont_email_post_to_subs":false,"_jetpack_newsletter_tier_id":0,"_jetpack_memberships_contains_paywalled_content":false,"_jetpack_memberships_contains_paid_content":false,"footnotes":""},"categories":[73],"tags":[23413,1850,14248],"class_list":["post-74363","post","type-post","status-publish","format-standard","hentry","category-de-boleto","tag-contienda-electoral","tag-manuel-huerta-ladron-de-guevara","tag-secretaria-de-bienestar"],"jetpack_featured_media_url":"","jetpack_sharing_enabled":true,"jetpack_shortlink":"https:\/\/wp.me\/p4Qcd3-jlp","_links":{"self":[{"href":"https:\/\/lospoliticosveracruz.com.mx\/index.php?rest_route=\/wp\/v2\/posts\/74363","targetHints":{"allow":["GET"]}}],"collection":[{"href":"https:\/\/lospoliticosveracruz.com.mx\/index.php?rest_route=\/wp\/v2\/posts"}],"about":[{"href":"https:\/\/lospoliticosveracruz.com.mx\/index.php?rest_route=\/wp\/v2\/types\/post"}],"author":[{"embeddable":true,"href":"https:\/\/lospoliticosveracruz.com.mx\/index.php?rest_route=\/wp\/v2\/users\/2"}],"replies":[{"embeddable":true,"href":"https:\/\/lospoliticosveracruz.com.mx\/index.php?rest_route=%2Fwp%2Fv2%2Fcomments&post=74363"}],"version-history":[{"count":1,"href":"https:\/\/lospoliticosveracruz.com.mx\/index.php?rest_route=\/wp\/v2\/posts\/74363\/revisions"}],"predecessor-version":[{"id":74365,"href":"https:\/\/lospoliticosveracruz.com.mx\/index.php?rest_route=\/wp\/v2\/posts\/74363\/revisions\/74365"}],"wp:attachment":[{"href":"https:\/\/lospoliticosveracruz.com.mx\/index.php?rest_route=%2Fwp%2Fv2%2Fmedia&parent=74363"}],"wp:term":[{"taxonomy":"category","embeddable":true,"href":"https:\/\/lospoliticosveracruz.com.mx\/index.php?rest_route=%2Fwp%2Fv2%2Fcategories&post=74363"},{"taxonomy":"post_tag","embeddable":true,"href":"https:\/\/lospoliticosveracruz.com.mx\/index.php?rest_route=%2Fwp%2Fv2%2Ftags&post=74363"}],"curies":[{"name":"wp","href":"https:\/\/api.w.org\/{rel}","templated":true}]}}