{"id":74369,"date":"2021-05-29T13:33:24","date_gmt":"2021-05-29T18:33:24","guid":{"rendered":"http:\/\/www.lospoliticosveracruz.com.mx\/?p=74369"},"modified":"2021-05-29T13:33:30","modified_gmt":"2021-05-29T18:33:30","slug":"llama-prd-a-la-reflexion-del-voto","status":"publish","type":"post","link":"https:\/\/lospoliticosveracruz.com.mx\/?p=74369","title":{"rendered":"Llama PRD a la Reflexi\u00f3n del voto"},"content":{"rendered":"\n<p><\/p>\n\n\n\n<p><strong>Villa Hermosa, municipio de \u00c1lamo<br><\/strong>Las y los habitantes trabajadores, nobles, maduros y conscientes del municipio de \u00c1lamo y sus comunidades, han expresado su sentir a favor del candidato a la alcald\u00eda por el Partido de la Revoluci\u00f3n Democr\u00e1tica, Paulino V\u00e1zquez Villalobos y de los candidatos de la alianza Va por M\u00e9xico y Va por Veracruz para las diputaciones local y federal, dijo el Presidente de la Direcci\u00f3n Estatal Ejecutiva del PRD, Sergio Cadena Mart\u00ednez.<br>En gira de trabajo por el norte de la entidad, Cadena Mart\u00ednez destac\u00f3 que ha dialogado con representantes de los distintos sectores sociales, quienes le han expresado su respaldo, al ser el partido que ha levantado la voz de manera en\u00e9rgica y firme, para se\u00f1alar lo que se est\u00e1 haciendo mal desde el gobierno del estado.<br>Asimismo, agradeci\u00f3 a todas y todos los veracruzanos que est\u00e1n confiando en el PRD y sus candidatos para ser el conducto que permita reencauzar al estado y representarlos tanto en el congreso local como federal y en los municipios de la regi\u00f3n, la cual ha sido irresponsablemente olvidada y desatendida por las autoridades.<br>El l\u00edder del Partido del Sol Azteca exhort\u00f3 a los militantes y simpatizantes a continuar caminando los d\u00edas que restan de campa\u00f1a, para invitar a las familias a reflexionar acerca de la importancia de su sufragio y de continuar apoyando y acrecentando las simpat\u00edas por un partido que se ha distinguido por la lucha de los campesinos y de los sectores sociales m\u00e1s desprotegidos.<br>Finalmente, exigi\u00f3 a las autoridades encargadas de velar por la seguridad de la ciudadan\u00eda cumplir con su funci\u00f3n de manera responsable para promover la participaci\u00f3n de todos los que aspiran a concretar un cambio en M\u00e9xico y en Veracruz para bien de la sociedad, por lo que votar\u00e1n por los candidatos del PRD.<\/p>\n","protected":false},"excerpt":{"rendered":"<p>Villa Hermosa, municipio de \u00c1lamoLas y los habitantes trabajadores, nobles, maduros y conscientes del municipio de \u00c1lamo y sus comunidades, han expresado su sentir a favor del candidato a la alcald\u00eda por el Partido de la Revoluci\u00f3n Democr\u00e1tica, Paulino V\u00e1zquez Villalobos y de los candidatos de la alianza Va por M\u00e9xico y Va por Veracruz [&hellip;]<\/p>\n","protected":false},"author":2,"featured_media":0,"comment_status":"closed","ping_status":"closed","sticky":false,"template":"","format":"standard","meta":{"_jetpack_newsletter_access":"","_jetpack_dont_email_post_to_subs":false,"_jetpack_newsletter_tier_id":0,"_jetpack_memberships_contains_paywalled_content":false,"_jetpack_memberships_contains_paid_content":false,"footnotes":""},"categories":[73],"tags":[28461,1476,28460,107,7887],"class_list":["post-74369","post","type-post","status-publish","format-standard","hentry","category-de-boleto","tag-alamo-2","tag-partido-de-la-revolucion-democratica","tag-paulino-vazquez-villalobos","tag-prd","tag-sergio-cadena-martinez"],"jetpack_featured_media_url":"","jetpack_sharing_enabled":true,"jetpack_shortlink":"https:\/\/wp.me\/p4Qcd3-jlv","_links":{"self":[{"href":"https:\/\/lospoliticosveracruz.com.mx\/index.php?rest_route=\/wp\/v2\/posts\/74369","targetHints":{"allow":["GET"]}}],"collection":[{"href":"https:\/\/lospoliticosveracruz.com.mx\/index.php?rest_route=\/wp\/v2\/posts"}],"about":[{"href":"https:\/\/lospoliticosveracruz.com.mx\/index.php?rest_route=\/wp\/v2\/types\/post"}],"author":[{"embeddable":true,"href":"https:\/\/lospoliticosveracruz.com.mx\/index.php?rest_route=\/wp\/v2\/users\/2"}],"replies":[{"embeddable":true,"href":"https:\/\/lospoliticosveracruz.com.mx\/index.php?rest_route=%2Fwp%2Fv2%2Fcomments&post=74369"}],"version-history":[{"count":1,"href":"https:\/\/lospoliticosveracruz.com.mx\/index.php?rest_route=\/wp\/v2\/posts\/74369\/revisions"}],"predecessor-version":[{"id":74371,"href":"https:\/\/lospoliticosveracruz.com.mx\/index.php?rest_route=\/wp\/v2\/posts\/74369\/revisions\/74371"}],"wp:attachment":[{"href":"https:\/\/lospoliticosveracruz.com.mx\/index.php?rest_route=%2Fwp%2Fv2%2Fmedia&parent=74369"}],"wp:term":[{"taxonomy":"category","embeddable":true,"href":"https:\/\/lospoliticosveracruz.com.mx\/index.php?rest_route=%2Fwp%2Fv2%2Fcategories&post=74369"},{"taxonomy":"post_tag","embeddable":true,"href":"https:\/\/lospoliticosveracruz.com.mx\/index.php?rest_route=%2Fwp%2Fv2%2Ftags&post=74369"}],"curies":[{"name":"wp","href":"https:\/\/api.w.org\/{rel}","templated":true}]}}