{"id":74913,"date":"2021-06-04T08:21:54","date_gmt":"2021-06-04T13:21:54","guid":{"rendered":"http:\/\/www.lospoliticosveracruz.com.mx\/?p=74913"},"modified":"2021-06-04T08:21:58","modified_gmt":"2021-06-04T13:21:58","slug":"asi-quedaria-el-congreso-local","status":"publish","type":"post","link":"https:\/\/lospoliticosveracruz.com.mx\/?p=74913","title":{"rendered":"As\u00ed quedar\u00eda el Congreso local"},"content":{"rendered":"\n<p>Ricardo Ch\u00faa<br>Sale y Vale<\/p>\n\n\n\n<p>Una poderosa \u00abGarganta Profunda\u00bb no hizo llegar una serie de sondeos que no s\u00f3lo est\u00e1n en Palacio de Gobierno en Xalapa, sino en Palacio Nacional en CDMX\u2026 De como quedar\u00e1 conformado PRESUNTAMENTE el resultado del pr\u00f3ximo domingo en los 30 distritos electorales locales en Veracruz.. Para la conformaci\u00f3n del pr\u00f3ximo Congreso Local\u2026 Y, los n\u00fameros no son halagadores para MORENA, s\u00f3lo podr\u00edan ganar 10 y la coalici\u00f3n opositora tendr\u00eda en sus manos 16 distristos\u2026 Los otros 4 est\u00e1n en disputa\u2026<\/p>\n\n\n\n<p>Seg\u00fan esta fuente confiable (Fue el que nos dijo que Cuitl\u00e1huac Garc\u00eda en 2018 ganar\u00eda con 170 mil votos de diferencia, un d\u00eda antes de la elecci\u00f3n, s\u00f3lo se equivoc\u00f3 por 30 mil votos, obtuvo 200 mil)\u2026 Coment\u00f3 que MORENA con sus aliados del PT y PVEM, se quedar\u00edan con los siguientes 10 distritos (casi de manera segura): Poza Rica, Xalapa Rural, C\u00f3rdoba, Ciudad Mendoza, Zongolica, Cosamaloapan, Acayucan, Minatitl\u00e1n, Coatzacoalcos urbano y Coatzacoalcos Rural\u2026 ZUCUTUM\u2026<\/p>\n\n\n\n<p>Mientras que la coalici\u00f3n del PAN-PRI-PRD obtendr\u00eda los siguientes 16 distritos (Tambi\u00e9n casi de manera segura): Panuco, Tantoyuca, \u00c1lamo, Papantla, Mart\u00ednez de la Torre, Misantla, Perote, Coatepec, Veracruz rural, Veracruz urbano, Boca del R\u00edo, Medell\u00edn de Bravo, Huatusco, Orizaba, San Andr\u00e9s Tuxtla y Cosoleacaque\u2026 Mientras que los 4 en disputa entre los Morenos y la oposici\u00f3n, donde a\u00fan no hay nada para nadie, son: Tuxpan, Xalapa urbano, Emiliano Zapata y Santiago Tuxtla\u2026 MOCOS PETRA\u2026<\/p>\n\n\n\n<p>De esa manera, de confirmarse esta informaci\u00f3n el pr\u00f3ximo domingo, quedar\u00eda de manifiesto que MORENA perder\u00eda la mayor\u00eda del Congreso del Estado\u2026 Y si bien les va podr\u00edan alcanzar un total de 17 a 18 diputados con todo y plurinominales\u2026 El \u00e9xito ser\u00eda para la coalici\u00f3n opositora que tendr\u00eda de 33 a 32 legisladores locales\u2026 Que \u00abmameyazo\u00bb ser\u00e1 para la 4T en Veracruz\u2026 OJO queda claro que esta elecci\u00f3n estatal, est\u00e1 polarizada\u2026 Entre los Morenos y sus aliados contra el PRIANRD\u2026 Los otros partidos no figuran\u2026 DIOS LOS BENDIGA\u2026<\/p>\n\n\n\n<p>MORENA-PVEM, LA REUNI\u00d3N\u2026 Nos cuentan que antier por la noche\u2026 Altos mandos del PVEM y MORENA se reunieron en conocida residencia de un empresario porte\u00f1o para analizar los resultados que se pueden presentar este domingo en la conurbaci\u00f3n de Veracruz-Boca del R\u00edo, Alvarado y Medell\u00edn de Bravo en la elecci\u00f3n a las alcald\u00edas\u2026 Nos dicen de caras contentas despu\u00e9s de esta \u00abc\u00f3nclave\u00bb porque les est\u00e1n arrojando buenos n\u00fameros para ellos\u2026 Esto luego del cierre de campa\u00f1as\u2026<\/p>\n\n\n\n<p>M\u00e1s cuando en estos municipios en los \u00faltimos a\u00f1os, ha imperado el poder del PAN\u2026 Ya que algunos de sus candidatos a las alcald\u00edas, sent\u00edan que ya ten\u00edan con el s\u00f3lo hecho de ir por este partido, el triunfo en la mano\u2026 Sin importar si tienen o no arraigo entre la poblaci\u00f3n\u2026 Por eso, las encuestas que les presentaron en la reuni\u00f3n\u2026 Vieron que en Veracruz puerto, sus partidos con la alianza hab\u00edan crecido\u2026 Pero en donde se mostr\u00f3 que ya ten\u00edan una TENDENCIA IRREVERSIBLE A FAVOR es en Medell\u00edn de Bravo con Marcos Isle\u00f1o\u2026<\/p>\n\n\n\n<p>Quiz\u00e1s por eso\u2026 Es que en estos dos \u00faltimos d\u00edas, han arreciado la \u00abguerra sucia\u00bb contra Marcos Isle\u00f1o y Ricardo Exsome\u2026 Sobre todo contra el primero\u2026 la \u00abmadrina\u00bb est\u00e1 a todo lo que da\u2026Si no estuviera arriba, ni se preocupar\u00edan de Isle\u00f1o\u2026 El tema en Medell\u00edn es de arraigo y este personaje lo tiene\u2026 Y el pueblo medellinense as\u00ed lo ve\u2026 Tanto que Isle\u00f1o en su cierre de campa\u00f1a, no llev\u00f3 artistas de talla internacional como los otros, \u00e9l ameniz\u00f3 con un grupo local\u2026 Pal pueblo\u2026 Ya veremos si Isle\u00f1o lo confirma el domingo\u2026 AMEN\u2026<\/p>\n\n\n\n<p>PRI CON PATY\u2026 Este martes qued\u00f3 confirmado por los propios grupos de Los Yunes Azules\u2026 Que en el PRI porte\u00f1o si existe un liderazgo, que \u00abarrop\u00f3\u00bb a su candidata a la alcald\u00eda, Patricia Lobeira Rodr\u00edguez\u2026 As\u00ed que m\u00e1s all\u00e1, de las \u00abgrillas\u00bb acostumbradas en el pasado reciente\u2026 En esta ocasi\u00f3n, el dirigente municipal priista, Carlos Troncoso Delgado junto con Johnatan Solorzano Ameca, contando con el respaldo y apoyo del \u00fanico regidor del PRI en este Municipio Fidel Murga Lagunes, le demostraron a los Yunes esa fuerza\u2026<\/p>\n\n\n\n<p>Estos personajes, se dedicaron a caminar en campa\u00f1a sin o con candidato.. Para ir recuperando a la militancia\u2026 Misma que se vio reflejada del evento en la sede del PRI municipal donde con un lleno completo recibieron a Paty Lobeira y los dem\u00e1s candidatos de la coalici\u00f3n \u00abVeracruz Va\u00bb\u2026 Es innegable, que esto hace un a\u00f1o, no hubiera sido posible, pero al final, es el reflejo del acercamiento que han venido teniendo con simpatizantes para llegar fortalecidos y ayudar a Marl\u00f3n y la alianza para ganar la elecci\u00f3n de todos sus candidatos\u2026 AM\u00c9N\u2026<\/p>\n\n\n\n<p>CAZAR\u00cdN VS CHENDO\u2026 Nos dice el \u00abGarganta Profunda\u00bb m\u00e1s \u00abrico y sabroso\u00bb de San Andr\u00e9s Tuxtla.. Que esta elecci\u00f3n para la alcald\u00eda de esta ciudad\u2026 Ser\u00e1 una de las m\u00e1s at\u00edpicas de su historia\u2026 Ya que hasta hace unos 15 d\u00edas\u2026 Nadie dudaba del triunfo de MORENA y de la candidata que sostiene Juan Javier G\u00f3mez Cazar\u00edn, como diputado local de ese distrito\u2026 Y lo que antes fue basti\u00f3n priista y luego en manos del PRD y ahora de lo Morenos\u2026 De nuevo puede volver al poder del PRI v\u00eda Manuel Rosendo Pelayo\u2026<\/p>\n\n\n\n<p>Ya que si bien es cierto, Mar\u00eda Elena Solana Calzada, la candidata de MORENA\u2026 Se manten\u00eda a la cabeza y era indiscutiblemente la ganadora de la contienda\u2026 Ahora todo cambi\u00f3\u2026 El \u00abEfecto\u00bb Cazarin, le peg\u00f3 fuerte y le dio pa abajo\u2026 A eso se le sum\u00f3 que en su campa\u00f1a no tuvo discurso y menos presencia territorial\u2026 Que ni siquiera el apoyo que tienen los candidatos de MORENA con el efecto de los programas sociales\u2026 Le pudo ayudar\u2026 Ah\u00ed es donde se meti\u00f3 \u00abChendo\u00bb Pelayo a ella y a Cazarin\u2026<\/p>\n\n\n\n<p>Adem\u00e1s que el candidato del alcalde, Tavo P\u00e9rez Garay, que presuntamente era el del MC, no peg\u00f3\u2026 As\u00ed que la elecci\u00f3n se parti\u00f3 en dos\u2026 Chendo y Maria Elena\u2026 No hay de otra \u00absopa\u00bb en Los Tuxtlas.. De esa manera, queda escoger entre un pol\u00edtico con experiencia EN TODO o una aspirante que apenas est\u00e1 comenzando en estas lides pol\u00edticas\u2026 No cabe duda, Rosendo Pelayo tiene \u00abpacto\u00bb con los brujos tuxtlecos\u2026. Todo se le acomod\u00f3 al final .. Hasta se quit\u00f3 a Cazar\u00edn de encima\u2026 AMEN\u2026<\/p>\n","protected":false},"excerpt":{"rendered":"<p>Ricardo Ch\u00faaSale y Vale Una poderosa \u00abGarganta Profunda\u00bb no hizo llegar una serie de sondeos que no s\u00f3lo est\u00e1n en Palacio de Gobierno en Xalapa, sino en Palacio Nacional en CDMX\u2026 De como quedar\u00e1 conformado PRESUNTAMENTE el resultado del pr\u00f3ximo domingo en los 30 distritos electorales locales en Veracruz.. Para la conformaci\u00f3n del pr\u00f3ximo Congreso [&hellip;]<\/p>\n","protected":false},"author":2,"featured_media":0,"comment_status":"closed","ping_status":"closed","sticky":false,"template":"","format":"standard","meta":{"_jetpack_newsletter_access":"","_jetpack_dont_email_post_to_subs":false,"_jetpack_newsletter_tier_id":0,"_jetpack_memberships_contains_paywalled_content":false,"_jetpack_memberships_contains_paid_content":false,"footnotes":""},"categories":[70],"tags":[17426,19449,819,1681,12695,290,19748,28633,1026,28632,28226,13604,8533],"class_list":["post-74913","post","type-post","status-publish","format-standard","hentry","category-de-opinion","tag-4t","tag-carlos-troncoso-delgado","tag-congreso-local","tag-cuitlahuac-garcia","tag-juan-javier-gomez-cazarin","tag-manuel-rosendo-pelayo","tag-marcos-isleno","tag-maria-elena-solana-calzada","tag-morena","tag-palacio-de-gobierno-en-xalapa","tag-paty-lobeira-de-yunes","tag-ricardo-chua","tag-tavo-perez-garay"],"jetpack_featured_media_url":"","jetpack_sharing_enabled":true,"jetpack_shortlink":"https:\/\/wp.me\/p4Qcd3-juh","_links":{"self":[{"href":"https:\/\/lospoliticosveracruz.com.mx\/index.php?rest_route=\/wp\/v2\/posts\/74913","targetHints":{"allow":["GET"]}}],"collection":[{"href":"https:\/\/lospoliticosveracruz.com.mx\/index.php?rest_route=\/wp\/v2\/posts"}],"about":[{"href":"https:\/\/lospoliticosveracruz.com.mx\/index.php?rest_route=\/wp\/v2\/types\/post"}],"author":[{"embeddable":true,"href":"https:\/\/lospoliticosveracruz.com.mx\/index.php?rest_route=\/wp\/v2\/users\/2"}],"replies":[{"embeddable":true,"href":"https:\/\/lospoliticosveracruz.com.mx\/index.php?rest_route=%2Fwp%2Fv2%2Fcomments&post=74913"}],"version-history":[{"count":1,"href":"https:\/\/lospoliticosveracruz.com.mx\/index.php?rest_route=\/wp\/v2\/posts\/74913\/revisions"}],"predecessor-version":[{"id":74914,"href":"https:\/\/lospoliticosveracruz.com.mx\/index.php?rest_route=\/wp\/v2\/posts\/74913\/revisions\/74914"}],"wp:attachment":[{"href":"https:\/\/lospoliticosveracruz.com.mx\/index.php?rest_route=%2Fwp%2Fv2%2Fmedia&parent=74913"}],"wp:term":[{"taxonomy":"category","embeddable":true,"href":"https:\/\/lospoliticosveracruz.com.mx\/index.php?rest_route=%2Fwp%2Fv2%2Fcategories&post=74913"},{"taxonomy":"post_tag","embeddable":true,"href":"https:\/\/lospoliticosveracruz.com.mx\/index.php?rest_route=%2Fwp%2Fv2%2Ftags&post=74913"}],"curies":[{"name":"wp","href":"https:\/\/api.w.org\/{rel}","templated":true}]}}