{"id":75173,"date":"2021-06-09T11:00:42","date_gmt":"2021-06-09T16:00:42","guid":{"rendered":"http:\/\/www.lospoliticosveracruz.com.mx\/?p=75173"},"modified":"2021-06-09T11:00:50","modified_gmt":"2021-06-09T16:00:50","slug":"estos-somos","status":"publish","type":"post","link":"https:\/\/lospoliticosveracruz.com.mx\/?p=75173","title":{"rendered":"Estos Somos!"},"content":{"rendered":"\n<p><strong>Veracruz<\/strong><br>A partir de este martes y hasta el pr\u00f3ximo 30 de agosto la muestra fotogr\u00e1fica de las regiones de nuestro estado estar\u00e1n presentes en el aeropuerto Heriberto Jara Corona.<br>La exposici\u00f3n fotogr\u00e1fica Estos Somos: Rostros y Paisajes de Veracruz, fue inaugurada por el gobernador Cuitl\u00e1huac Garcia Jim\u00e9nez; el secretario de gobierno, Eric Cisneros Burgos y la presidenta Leticia L\u00f3pez Landero.<br>\u201cHa llegado la hora de conocernos y reconocernos con esta serie de fotograf\u00edas, d\u00f3nde hay arte, hay tambi\u00e9n la esencia desde el sur al norte de nuestra entidad, pasando por la costa y las altas monta\u00f1as, Estos somos: rostros y paisajes de Veracruz, es un recorrido que nos acerca a las riquezas de nuestro estado\u201d, se\u00f1al\u00f3 Cisneros Burgos.<br>Al respecto la presidenta municipal de C\u00f3rdoba, Leticia L\u00f3pez Landero se\u00f1al\u00f3 que a trav\u00e9s de 100 fotograf\u00edas se logra promover la riqueza hist\u00f3rica, cultural y gastron\u00f3mica de nuestro estado, permitiendo a las y los visitantes conocer los diversos matices de la poblaci\u00f3n de Veracruz.<br>Asimismo, record\u00f3 que durante este a\u00f1o C\u00f3rdoba est\u00e1 de fiesta al conmemorar 200 a\u00f1os de la firma de los Tratados de C\u00f3rdoba, documento precursor de la independencia de M\u00e9xico, por lo que esta exposici\u00f3n forma parte de las actividades programadas para dicha conmemoraci\u00f3n nacional.<\/p>\n","protected":false},"excerpt":{"rendered":"<p>VeracruzA partir de este martes y hasta el pr\u00f3ximo 30 de agosto la muestra fotogr\u00e1fica de las regiones de nuestro estado estar\u00e1n presentes en el aeropuerto Heriberto Jara Corona.La exposici\u00f3n fotogr\u00e1fica Estos Somos: Rostros y Paisajes de Veracruz, fue inaugurada por el gobernador Cuitl\u00e1huac Garcia Jim\u00e9nez; el secretario de gobierno, Eric Cisneros Burgos y la [&hellip;]<\/p>\n","protected":false},"author":2,"featured_media":0,"comment_status":"closed","ping_status":"closed","sticky":false,"template":"","format":"standard","meta":{"_jetpack_newsletter_access":"","_jetpack_dont_email_post_to_subs":false,"_jetpack_newsletter_tier_id":0,"_jetpack_memberships_contains_paywalled_content":false,"_jetpack_memberships_contains_paid_content":false,"footnotes":""},"categories":[73],"tags":[28726,12299,7641,9289],"class_list":["post-75173","post","type-post","status-publish","format-standard","hentry","category-de-boleto","tag-cuitlahuac-garcia-jimenez-4","tag-eric-cisneros-burgos","tag-leticia-lopez-landero","tag-tratados-de-cordoba"],"jetpack_featured_media_url":"","jetpack_sharing_enabled":true,"jetpack_shortlink":"https:\/\/wp.me\/p4Qcd3-jyt","_links":{"self":[{"href":"https:\/\/lospoliticosveracruz.com.mx\/index.php?rest_route=\/wp\/v2\/posts\/75173","targetHints":{"allow":["GET"]}}],"collection":[{"href":"https:\/\/lospoliticosveracruz.com.mx\/index.php?rest_route=\/wp\/v2\/posts"}],"about":[{"href":"https:\/\/lospoliticosveracruz.com.mx\/index.php?rest_route=\/wp\/v2\/types\/post"}],"author":[{"embeddable":true,"href":"https:\/\/lospoliticosveracruz.com.mx\/index.php?rest_route=\/wp\/v2\/users\/2"}],"replies":[{"embeddable":true,"href":"https:\/\/lospoliticosveracruz.com.mx\/index.php?rest_route=%2Fwp%2Fv2%2Fcomments&post=75173"}],"version-history":[{"count":1,"href":"https:\/\/lospoliticosveracruz.com.mx\/index.php?rest_route=\/wp\/v2\/posts\/75173\/revisions"}],"predecessor-version":[{"id":75175,"href":"https:\/\/lospoliticosveracruz.com.mx\/index.php?rest_route=\/wp\/v2\/posts\/75173\/revisions\/75175"}],"wp:attachment":[{"href":"https:\/\/lospoliticosveracruz.com.mx\/index.php?rest_route=%2Fwp%2Fv2%2Fmedia&parent=75173"}],"wp:term":[{"taxonomy":"category","embeddable":true,"href":"https:\/\/lospoliticosveracruz.com.mx\/index.php?rest_route=%2Fwp%2Fv2%2Fcategories&post=75173"},{"taxonomy":"post_tag","embeddable":true,"href":"https:\/\/lospoliticosveracruz.com.mx\/index.php?rest_route=%2Fwp%2Fv2%2Ftags&post=75173"}],"curies":[{"name":"wp","href":"https:\/\/api.w.org\/{rel}","templated":true}]}}