{"id":75176,"date":"2021-06-09T12:46:59","date_gmt":"2021-06-09T17:46:59","guid":{"rendered":"http:\/\/www.lospoliticosveracruz.com.mx\/?p=75176"},"modified":"2021-06-09T13:12:55","modified_gmt":"2021-06-09T18:12:55","slug":"estrella-de-ladrones-de-elecciones-cuida-votos-a-exome","status":"publish","type":"post","link":"https:\/\/lospoliticosveracruz.com.mx\/?p=75176","title":{"rendered":"Estrella de \u00abLadrones de elecciones\u00bb, cuida votos a Exsome"},"content":{"rendered":"\n<p><\/p>\n\n\n\n<p>Parece que se repite la historia, y con los mismos actores, pues \u00abel pri\u00edsta* Ranulfo M\u00e1rquez Hern\u00e1ndez, es representante del PVEM en la elecci\u00f3n de Veracruz, con el objetivo de cuidar los votos de Ricardo Exome Zapata, candidato de Morena-PVEM-PT, a la presidencia municipal del puerto.<br>M\u00e1rquez Hern\u00e1ndez, es quien hace unos d\u00edas sali\u00f3 a criticar como militante y ex presidente estatal priista, exigiendo a Alejandro Moreno C\u00e1rdenas, dirigente nacional del PRI, que rompiera la alianza con el PAN y PRD, para que este mantuviera acuerdos con el gobierno, y su partido Morena.<br>La denuncia estall\u00f3 en Veracruz en abril de 2013, en la que el PAN revel\u00f3 la operaci\u00f3n para usar padrones y recursos p\u00fablicos de los programas sociales para favorecer al PRI y a sus campa\u00f1as.<br>El esc\u00e1ndalo hizo que el PAN y el PRD se levantaran de la mesa del Pacto por M\u00e9xico. Varios funcionarios federales y locales, fueron separados del cargo. Uno de ellos, Ranulfo M\u00e1rquez, quien era delegado de Sedesol. Circul\u00f3 en aquellas fechas, un video al que titularon: \u00abladrones de elecciones\u00bb, con el fin de demostrar el uso de recursos p\u00fablicos para favorecer al PRI en las elecciones. Ranulfo M\u00e1rquez era uno de los protagonistas.<br>Queda al descubierto que la alianza de Andr\u00e9s Manuel L\u00f3pez Obrador y Cuitl\u00e1huac Garc\u00eda \u201cJuntos Haremos Historia\u201d recurri\u00f3 a la ca\u00f1er\u00eda de la coacci\u00f3n, amedrentamiento de los m\u00e1s pobres, y robo de urnas, boletas, amenaza y compra de los funcionarios electorales, todo y de todo para robarse la elecci\u00f3n 2021, solo faltaba un bot\u00f3n para titular a esta desgracia para Veracruz como \u201cLadrones de Elecciones Morena 2021\u201d, y ese bot\u00f3n acaba de aparecer en el consejo municipal del OPLE en Veracruz.<\/p>\n\n\n\n<p>Todos quienes aparentemente fueron derrotados por la alianza del gobierno, deber\u00edan revisar bien sus urnas en el c\u00f3mputo de hoy o pedir la anulaci\u00f3n de las elecciones, por el descaro que demuestran est\u00e1 ocurriendo hoy.<\/p>\n","protected":false},"excerpt":{"rendered":"<p>Parece que se repite la historia, y con los mismos actores, pues \u00abel pri\u00edsta* Ranulfo M\u00e1rquez Hern\u00e1ndez, es representante del PVEM en la elecci\u00f3n de Veracruz, con el objetivo de cuidar los votos de Ricardo Exome Zapata, candidato de Morena-PVEM-PT, a la presidencia municipal del puerto.M\u00e1rquez Hern\u00e1ndez, es quien hace unos d\u00edas sali\u00f3 a criticar [&hellip;]<\/p>\n","protected":false},"author":2,"featured_media":0,"comment_status":"closed","ping_status":"closed","sticky":false,"template":"","format":"standard","meta":{"_jetpack_newsletter_access":"","_jetpack_dont_email_post_to_subs":false,"_jetpack_newsletter_tier_id":0,"_jetpack_memberships_contains_paywalled_content":false,"_jetpack_memberships_contains_paid_content":false,"footnotes":""},"categories":[74],"tags":[15048,26116,251,264,4253,28727],"class_list":["post-75176","post","type-post","status-publish","format-standard","hentry","category-lavadero","tag-alejandro-moreno-cardenas","tag-morena-pvem-pt","tag-pri","tag-pvem","tag-ranulfo-marquez-hernandez","tag-ricardo-exome-zapata"],"jetpack_featured_media_url":"","jetpack_sharing_enabled":true,"jetpack_shortlink":"https:\/\/wp.me\/p4Qcd3-jyw","_links":{"self":[{"href":"https:\/\/lospoliticosveracruz.com.mx\/index.php?rest_route=\/wp\/v2\/posts\/75176","targetHints":{"allow":["GET"]}}],"collection":[{"href":"https:\/\/lospoliticosveracruz.com.mx\/index.php?rest_route=\/wp\/v2\/posts"}],"about":[{"href":"https:\/\/lospoliticosveracruz.com.mx\/index.php?rest_route=\/wp\/v2\/types\/post"}],"author":[{"embeddable":true,"href":"https:\/\/lospoliticosveracruz.com.mx\/index.php?rest_route=\/wp\/v2\/users\/2"}],"replies":[{"embeddable":true,"href":"https:\/\/lospoliticosveracruz.com.mx\/index.php?rest_route=%2Fwp%2Fv2%2Fcomments&post=75176"}],"version-history":[{"count":2,"href":"https:\/\/lospoliticosveracruz.com.mx\/index.php?rest_route=\/wp\/v2\/posts\/75176\/revisions"}],"predecessor-version":[{"id":75180,"href":"https:\/\/lospoliticosveracruz.com.mx\/index.php?rest_route=\/wp\/v2\/posts\/75176\/revisions\/75180"}],"wp:attachment":[{"href":"https:\/\/lospoliticosveracruz.com.mx\/index.php?rest_route=%2Fwp%2Fv2%2Fmedia&parent=75176"}],"wp:term":[{"taxonomy":"category","embeddable":true,"href":"https:\/\/lospoliticosveracruz.com.mx\/index.php?rest_route=%2Fwp%2Fv2%2Fcategories&post=75176"},{"taxonomy":"post_tag","embeddable":true,"href":"https:\/\/lospoliticosveracruz.com.mx\/index.php?rest_route=%2Fwp%2Fv2%2Ftags&post=75176"}],"curies":[{"name":"wp","href":"https:\/\/api.w.org\/{rel}","templated":true}]}}