{"id":75181,"date":"2021-06-09T13:24:09","date_gmt":"2021-06-09T18:24:09","guid":{"rendered":"http:\/\/www.lospoliticosveracruz.com.mx\/?p=75181"},"modified":"2021-06-09T13:25:36","modified_gmt":"2021-06-09T18:25:36","slug":"en-votos-o-en-tribunales-ganaremos-exsome","status":"publish","type":"post","link":"https:\/\/lospoliticosveracruz.com.mx\/?p=75181","title":{"rendered":"En votos o en tribunales, ganaremos: Exsome"},"content":{"rendered":"\n<p><strong>Veracruz<\/strong><br>El proceso electoral no ha terminado. Nosotros estamos actuando con mucha responsabilidad, afirm\u00f3 el candidato por la coalici\u00f3n \u201cJuntos Haremos Historia en Veracruz\u201d, Ricardo Exsome Zapata.<br>Precis\u00f3 \u201clo que hemos se\u00f1alado son las irregularidades que se han presentado, pero que creemos que conforme avance el proceso se ir\u00e1n aclarando y al final resultaremos ganadores\u201d.<br>Destac\u00f3 que \u201choy se realiza el conteo y por lo menos tienen que abrirse m\u00e1s de 400 paquetes que tienen inconsistencias y que son pr\u00e1cticamente la mitad de las casillas\u201d.<br>El candidato por la Coalici\u00f3n Movimiento de Regeneraci\u00f3n Nacional (Morena), Partido del Trabajo (PT) y Partido Verde Ecologista de M\u00e9xico (PVEM), bajo la denominaci\u00f3n \u201cJuntos Haremos Historia en Veracruz\u201d, Ricardo Exsome Zapata, especific\u00f3 que \u201chay muchos votos nulos que deben revisarse. Si la diferencia es menor a 1 por ciento, tendr\u00e1n que abrirse todos los paquetes y contarse todos los votos\u201d.<br>\u201cAdem\u00e1s existen elementos para que la elecci\u00f3n sea impugnada: La intervenci\u00f3n ilegal del alcalde de Veracruz, el rebase del tope de gastos de campa\u00f1a que cometieron, la coacci\u00f3n y compra de votos, y todo eso est\u00e1 documentado\u201d, puntualiz\u00f3.<br>Abund\u00f3 \u201ccomo ven todos los elementos nos favorecen para ganar en cualquier terreno o con votos o en los tribunales, si fuera el caso\u201d.<\/p>\n","protected":false},"excerpt":{"rendered":"<p>VeracruzEl proceso electoral no ha terminado. Nosotros estamos actuando con mucha responsabilidad, afirm\u00f3 el candidato por la coalici\u00f3n \u201cJuntos Haremos Historia en Veracruz\u201d, Ricardo Exsome Zapata.Precis\u00f3 \u201clo que hemos se\u00f1alado son las irregularidades que se han presentado, pero que creemos que conforme avance el proceso se ir\u00e1n aclarando y al final resultaremos ganadores\u201d.Destac\u00f3 que \u201choy [&hellip;]<\/p>\n","protected":false},"author":2,"featured_media":0,"comment_status":"closed","ping_status":"closed","sticky":false,"template":"","format":"standard","meta":{"_jetpack_newsletter_access":"","_jetpack_dont_email_post_to_subs":false,"_jetpack_newsletter_tier_id":0,"_jetpack_memberships_contains_paywalled_content":false,"_jetpack_memberships_contains_paid_content":false,"footnotes":""},"categories":[73],"tags":[28729,13435,195],"class_list":["post-75181","post","type-post","status-publish","format-standard","hentry","category-de-boleto","tag-eleccion-impugnada","tag-ricardo-exsome-zapata","tag-veracruz"],"jetpack_featured_media_url":"","jetpack_sharing_enabled":true,"jetpack_shortlink":"https:\/\/wp.me\/p4Qcd3-jyB","_links":{"self":[{"href":"https:\/\/lospoliticosveracruz.com.mx\/index.php?rest_route=\/wp\/v2\/posts\/75181","targetHints":{"allow":["GET"]}}],"collection":[{"href":"https:\/\/lospoliticosveracruz.com.mx\/index.php?rest_route=\/wp\/v2\/posts"}],"about":[{"href":"https:\/\/lospoliticosveracruz.com.mx\/index.php?rest_route=\/wp\/v2\/types\/post"}],"author":[{"embeddable":true,"href":"https:\/\/lospoliticosveracruz.com.mx\/index.php?rest_route=\/wp\/v2\/users\/2"}],"replies":[{"embeddable":true,"href":"https:\/\/lospoliticosveracruz.com.mx\/index.php?rest_route=%2Fwp%2Fv2%2Fcomments&post=75181"}],"version-history":[{"count":1,"href":"https:\/\/lospoliticosveracruz.com.mx\/index.php?rest_route=\/wp\/v2\/posts\/75181\/revisions"}],"predecessor-version":[{"id":75182,"href":"https:\/\/lospoliticosveracruz.com.mx\/index.php?rest_route=\/wp\/v2\/posts\/75181\/revisions\/75182"}],"wp:attachment":[{"href":"https:\/\/lospoliticosveracruz.com.mx\/index.php?rest_route=%2Fwp%2Fv2%2Fmedia&parent=75181"}],"wp:term":[{"taxonomy":"category","embeddable":true,"href":"https:\/\/lospoliticosveracruz.com.mx\/index.php?rest_route=%2Fwp%2Fv2%2Fcategories&post=75181"},{"taxonomy":"post_tag","embeddable":true,"href":"https:\/\/lospoliticosveracruz.com.mx\/index.php?rest_route=%2Fwp%2Fv2%2Ftags&post=75181"}],"curies":[{"name":"wp","href":"https:\/\/api.w.org\/{rel}","templated":true}]}}