{"id":75226,"date":"2021-06-10T07:54:20","date_gmt":"2021-06-10T12:54:20","guid":{"rendered":"http:\/\/www.lospoliticosveracruz.com.mx\/?p=75226"},"modified":"2021-06-10T07:54:23","modified_gmt":"2021-06-10T12:54:23","slug":"gobernaremos-en-beneficio-de-todos-los-boquenos-unanue","status":"publish","type":"post","link":"https:\/\/lospoliticosveracruz.com.mx\/?p=75226","title":{"rendered":"Gobernaremos en beneficio de todos los boque\u00f1os: Unanue"},"content":{"rendered":"\n<p><strong>Boca del R\u00edo<br><\/strong>Juan Manuel Un\u00e1nue Abascal, candidato del Partido Acci\u00f3n Nacional, recibi\u00f3 la noche de este mi\u00e9rcoles 9 de junio, la constancia de mayor\u00eda que lo acredita como Presidente Municipal electo de Boca del R\u00edo por parte del Organismo P\u00fablico Local Electoral (OPLE).<br>Al t\u00e9rmino del c\u00f3mputo de votos se concluy\u00f3 que el candidato del PAN registr\u00f3 38 mil 481 votos, mientras que la candidata de Morena, Nena de la Reguera obtuvo 18 mil 769.<br>Al recibir su constancia de mayor\u00eda, Un\u00e1nue estuvo acompa\u00f1ado por su esposa Melina, por el ex alcalde de Boca del R\u00edo, Miguel \u00c1ngel Yunes M\u00e1rquez, a quien agradeci\u00f3 su amistad y el respaldo que siempre le ha brindado; as\u00ed como por su planilla y cientos de boque\u00f1os que salieron a las calles para arroparlo.<br>En su mensaje, agradeci\u00f3 al grupo de personas de Acci\u00f3n Nacional que estuvo represent\u00e1ndolo de manera ejemplar durante la jornada electoral y posteriormente en el computo de las actas durante todo este d\u00eda, e hizo extensivo este agradecimiento a los m\u00e1s 38 mil boque\u00f1os que le refrendaron su confianza en las urnas.<br>De igual forma, felicit\u00f3 de manera especial a la Consejera Presidente y al consejo Municipal el OPLE en Boca del R\u00edo por su extraordinario trabajo durante todo el proceso electoral.<br>Ya como alcalde electo, lo primero que hizo fue refrendar su compromiso con los boque\u00f1os de que a partir del 1 de enero trabajar\u00e1 con todas sus fuerzas para seguir construyendo la mejor ciudad del estado, con la mejor infraestructura y tambi\u00e9n con mejores oportunidades para todos.<br>Dijo que Boca del R\u00edo ser\u00e1 una ciudad moderna que se distinga por su solidaridad con los m\u00e1s vulnerables, con los que m\u00e1s lo necesitan.<br>Una ciudad en la que las familias vivan a plenitud, con mejores espacios y servicios p\u00fablicos.<\/p>\n\n\n\n<p>Una ciudad en la que mujeres, ni\u00f1os, j\u00f3venes y adultos mayores se sientan seguros y tranquilos independientemente de donde vivan o por donde transiten.<\/p>\n\n\n\n<p>Afirm\u00f3 que conformar\u00e1 un gobierno cercano y sensible que trabaje para mejorar la calidad de vida de las personas.<\/p>\n\n\n\n<p>\u201c\u00a1Hoy comienza una nueva etapa para nuestra ciudad; a partir de hoy comenzaremos a trabajar para seguir haciendo mucho por la ciudad pero m\u00e1s para la gente!\u201d, concluy\u00f3 el Alcalde electo Juan Manuel Un\u00e1nue.<\/p>\n","protected":false},"excerpt":{"rendered":"<p>Boca del R\u00edoJuan Manuel Un\u00e1nue Abascal, candidato del Partido Acci\u00f3n Nacional, recibi\u00f3 la noche de este mi\u00e9rcoles 9 de junio, la constancia de mayor\u00eda que lo acredita como Presidente Municipal electo de Boca del R\u00edo por parte del Organismo P\u00fablico Local Electoral (OPLE).Al t\u00e9rmino del c\u00f3mputo de votos se concluy\u00f3 que el candidato del PAN [&hellip;]<\/p>\n","protected":false},"author":2,"featured_media":0,"comment_status":"closed","ping_status":"closed","sticky":false,"template":"","format":"standard","meta":{"_jetpack_newsletter_access":"","_jetpack_dont_email_post_to_subs":false,"_jetpack_newsletter_tier_id":0,"_jetpack_memberships_contains_paywalled_content":false,"_jetpack_memberships_contains_paid_content":false,"footnotes":""},"categories":[73],"tags":[601,12535,536,3272,266,28756],"class_list":["post-75226","post","type-post","status-publish","format-standard","hentry","category-de-boleto","tag-boca-del-rio","tag-juan-manuel-unanue-abascal","tag-miguel-angel-yunes-marquez","tag-ople","tag-pan","tag-presidente-municipal-electo"],"jetpack_featured_media_url":"","jetpack_sharing_enabled":true,"jetpack_shortlink":"https:\/\/wp.me\/p4Qcd3-jzk","_links":{"self":[{"href":"https:\/\/lospoliticosveracruz.com.mx\/index.php?rest_route=\/wp\/v2\/posts\/75226","targetHints":{"allow":["GET"]}}],"collection":[{"href":"https:\/\/lospoliticosveracruz.com.mx\/index.php?rest_route=\/wp\/v2\/posts"}],"about":[{"href":"https:\/\/lospoliticosveracruz.com.mx\/index.php?rest_route=\/wp\/v2\/types\/post"}],"author":[{"embeddable":true,"href":"https:\/\/lospoliticosveracruz.com.mx\/index.php?rest_route=\/wp\/v2\/users\/2"}],"replies":[{"embeddable":true,"href":"https:\/\/lospoliticosveracruz.com.mx\/index.php?rest_route=%2Fwp%2Fv2%2Fcomments&post=75226"}],"version-history":[{"count":1,"href":"https:\/\/lospoliticosveracruz.com.mx\/index.php?rest_route=\/wp\/v2\/posts\/75226\/revisions"}],"predecessor-version":[{"id":75228,"href":"https:\/\/lospoliticosveracruz.com.mx\/index.php?rest_route=\/wp\/v2\/posts\/75226\/revisions\/75228"}],"wp:attachment":[{"href":"https:\/\/lospoliticosveracruz.com.mx\/index.php?rest_route=%2Fwp%2Fv2%2Fmedia&parent=75226"}],"wp:term":[{"taxonomy":"category","embeddable":true,"href":"https:\/\/lospoliticosveracruz.com.mx\/index.php?rest_route=%2Fwp%2Fv2%2Fcategories&post=75226"},{"taxonomy":"post_tag","embeddable":true,"href":"https:\/\/lospoliticosveracruz.com.mx\/index.php?rest_route=%2Fwp%2Fv2%2Ftags&post=75226"}],"curies":[{"name":"wp","href":"https:\/\/api.w.org\/{rel}","templated":true}]}}