{"id":75296,"date":"2021-06-11T07:46:25","date_gmt":"2021-06-11T12:46:25","guid":{"rendered":"http:\/\/www.lospoliticosveracruz.com.mx\/?p=75296"},"modified":"2021-06-11T07:46:29","modified_gmt":"2021-06-11T12:46:29","slug":"alcaldesa-de-23-anos","status":"publish","type":"post","link":"https:\/\/lospoliticosveracruz.com.mx\/?p=75296","title":{"rendered":"Alcaldesa de 23 a\u00f1os"},"content":{"rendered":"\n<p><strong>Chacaltianguis<\/strong>\u200c<br>La ahora alcaldesa electa de Chacaltianguis, Bertha Isabel Mu\u00f1oz Torres, se convertir\u00e1 a partir del 1 de enero de 2022, en la autoridad municipal m\u00e1s joven en Veracruz, con 23 a\u00f1os de edad hasta el momento.<br>Postulada por la coalici\u00f3n MORENA-PT-PVEM, esta joven recibi\u00f3 la madrugada de este jueves la constancia de mayor\u00eda, al lograr el 34.54 por ciento de los votos (2 mil 439), frente a su m\u00e1s cercano rival, Jos\u00e9 Mart\u00ednez Torres, de PODEMOS, quien sum\u00f3 el 33.68 % de los sufragios (2 mil 378).<br>\u00a0Antes de contender por la alcald\u00eda, Mu\u00f1oz Torres se desempe\u00f1\u00f3 como presidenta del DIF Municipal en la actual administraci\u00f3n que encabeza su madre, Mayra Janet Torres Dom\u00ednguez.<br>Por lo que dar\u00e1 continuidad a la labor realizada en esa demarcaci\u00f3n por los siguientes cuatro a\u00f1os (2022-2025).<br>Bertha Isabel Mu\u00f1oz est\u00e1 casada y es madre de dos ni\u00f1as.<\/p>\n","protected":false},"excerpt":{"rendered":"<p>Chacaltianguis\u200cLa ahora alcaldesa electa de Chacaltianguis, Bertha Isabel Mu\u00f1oz Torres, se convertir\u00e1 a partir del 1 de enero de 2022, en la autoridad municipal m\u00e1s joven en Veracruz, con 23 a\u00f1os de edad hasta el momento.Postulada por la coalici\u00f3n MORENA-PT-PVEM, esta joven recibi\u00f3 la madrugada de este jueves la constancia de mayor\u00eda, al lograr el [&hellip;]<\/p>\n","protected":false},"author":2,"featured_media":0,"comment_status":"closed","ping_status":"closed","sticky":false,"template":"","format":"standard","meta":{"_jetpack_newsletter_access":"","_jetpack_dont_email_post_to_subs":false,"_jetpack_newsletter_tier_id":0,"_jetpack_memberships_contains_paywalled_content":false,"_jetpack_memberships_contains_paid_content":false,"footnotes":""},"categories":[6446],"tags":[12464,28789,26116],"class_list":["post-75296","post","type-post","status-publish","format-standard","hentry","category-la-nota","tag-chacaltianguis","tag-mayra-janet-torres-dominguez","tag-morena-pvem-pt"],"jetpack_featured_media_url":"","jetpack_sharing_enabled":true,"jetpack_shortlink":"https:\/\/wp.me\/p4Qcd3-jAs","_links":{"self":[{"href":"https:\/\/lospoliticosveracruz.com.mx\/index.php?rest_route=\/wp\/v2\/posts\/75296","targetHints":{"allow":["GET"]}}],"collection":[{"href":"https:\/\/lospoliticosveracruz.com.mx\/index.php?rest_route=\/wp\/v2\/posts"}],"about":[{"href":"https:\/\/lospoliticosveracruz.com.mx\/index.php?rest_route=\/wp\/v2\/types\/post"}],"author":[{"embeddable":true,"href":"https:\/\/lospoliticosveracruz.com.mx\/index.php?rest_route=\/wp\/v2\/users\/2"}],"replies":[{"embeddable":true,"href":"https:\/\/lospoliticosveracruz.com.mx\/index.php?rest_route=%2Fwp%2Fv2%2Fcomments&post=75296"}],"version-history":[{"count":1,"href":"https:\/\/lospoliticosveracruz.com.mx\/index.php?rest_route=\/wp\/v2\/posts\/75296\/revisions"}],"predecessor-version":[{"id":75298,"href":"https:\/\/lospoliticosveracruz.com.mx\/index.php?rest_route=\/wp\/v2\/posts\/75296\/revisions\/75298"}],"wp:attachment":[{"href":"https:\/\/lospoliticosveracruz.com.mx\/index.php?rest_route=%2Fwp%2Fv2%2Fmedia&parent=75296"}],"wp:term":[{"taxonomy":"category","embeddable":true,"href":"https:\/\/lospoliticosveracruz.com.mx\/index.php?rest_route=%2Fwp%2Fv2%2Fcategories&post=75296"},{"taxonomy":"post_tag","embeddable":true,"href":"https:\/\/lospoliticosveracruz.com.mx\/index.php?rest_route=%2Fwp%2Fv2%2Ftags&post=75296"}],"curies":[{"name":"wp","href":"https:\/\/api.w.org\/{rel}","templated":true}]}}