{"id":75460,"date":"2021-06-15T14:59:56","date_gmt":"2021-06-15T19:59:56","guid":{"rendered":"http:\/\/www.lospoliticosveracruz.com.mx\/?p=75460"},"modified":"2021-06-15T14:59:59","modified_gmt":"2021-06-15T19:59:59","slug":"no-llego-chiquis","status":"publish","type":"post","link":"https:\/\/lospoliticosveracruz.com.mx\/?p=75460","title":{"rendered":"No lleg\u00f3 Chiquis!"},"content":{"rendered":"\n<p><strong>Coatepec<\/strong><br>A pesar de que estaba citado en el juzgado de Pacho Viejo, el ex candidato a la alcald\u00eda de Veracruz puerto Miguel \u00c1ngel Yunes M\u00e1rquez, no lleg\u00f3 este martes a la audiencia de imputaci\u00f3n, a la que citado este d\u00eda para que responda al presunto delito de falsificaci\u00f3n de documentos.<br>El abogado Jorge Reyes Peralta, que representa a la parte acusadora, aclar\u00f3 que no se trata de una persecuci\u00f3n en contra de Yunes M\u00e1rquez.<br>Explic\u00f3 que tambi\u00e9n se cit\u00f3 a la Secretaria del Ayuntamiento de Veracruz y dos jefes de manzana, ninguno de ellos se present\u00f3 este martes en el penal de Pacho Viejo .<br>Hay que recordar que Yunes M\u00e1rquez es se\u00f1alado del presunto delito de falsificaci\u00f3n de documentos, para acreditar su residencia en el puerto de Veracruz, con el fin de acceder a la candidatura a la presidencia municipal, pero el Tribunal Electoral de Veracruz ech\u00f3 abajo sus aspiraciones pol\u00edticas por no reunir los requisitos de elegibilidad.<br>No obstante, su esposa Patricia Lobeira se alz\u00f3 con la victoria este pasado 6 de junio.<\/p>\n","protected":false},"excerpt":{"rendered":"<p>CoatepecA pesar de que estaba citado en el juzgado de Pacho Viejo, el ex candidato a la alcald\u00eda de Veracruz puerto Miguel \u00c1ngel Yunes M\u00e1rquez, no lleg\u00f3 este martes a la audiencia de imputaci\u00f3n, a la que citado este d\u00eda para que responda al presunto delito de falsificaci\u00f3n de documentos.El abogado Jorge Reyes Peralta, que [&hellip;]<\/p>\n","protected":false},"author":2,"featured_media":0,"comment_status":"closed","ping_status":"closed","sticky":false,"template":"","format":"standard","meta":{"_jetpack_newsletter_access":"","_jetpack_dont_email_post_to_subs":false,"_jetpack_newsletter_tier_id":0,"_jetpack_memberships_contains_paywalled_content":false,"_jetpack_memberships_contains_paid_content":false,"footnotes":""},"categories":[1],"tags":[7250,26693,3590,195],"class_list":["post-75460","post","type-post","status-publish","format-standard","hentry","category-sin-categoria","tag-jorge-reyes-peralta","tag-miguel-angel-yunes-marquez-2","tag-pacho-viejo","tag-veracruz"],"jetpack_featured_media_url":"","jetpack_sharing_enabled":true,"jetpack_shortlink":"https:\/\/wp.me\/p4Qcd3-jD6","_links":{"self":[{"href":"https:\/\/lospoliticosveracruz.com.mx\/index.php?rest_route=\/wp\/v2\/posts\/75460","targetHints":{"allow":["GET"]}}],"collection":[{"href":"https:\/\/lospoliticosveracruz.com.mx\/index.php?rest_route=\/wp\/v2\/posts"}],"about":[{"href":"https:\/\/lospoliticosveracruz.com.mx\/index.php?rest_route=\/wp\/v2\/types\/post"}],"author":[{"embeddable":true,"href":"https:\/\/lospoliticosveracruz.com.mx\/index.php?rest_route=\/wp\/v2\/users\/2"}],"replies":[{"embeddable":true,"href":"https:\/\/lospoliticosveracruz.com.mx\/index.php?rest_route=%2Fwp%2Fv2%2Fcomments&post=75460"}],"version-history":[{"count":1,"href":"https:\/\/lospoliticosveracruz.com.mx\/index.php?rest_route=\/wp\/v2\/posts\/75460\/revisions"}],"predecessor-version":[{"id":75461,"href":"https:\/\/lospoliticosveracruz.com.mx\/index.php?rest_route=\/wp\/v2\/posts\/75460\/revisions\/75461"}],"wp:attachment":[{"href":"https:\/\/lospoliticosveracruz.com.mx\/index.php?rest_route=%2Fwp%2Fv2%2Fmedia&parent=75460"}],"wp:term":[{"taxonomy":"category","embeddable":true,"href":"https:\/\/lospoliticosveracruz.com.mx\/index.php?rest_route=%2Fwp%2Fv2%2Fcategories&post=75460"},{"taxonomy":"post_tag","embeddable":true,"href":"https:\/\/lospoliticosveracruz.com.mx\/index.php?rest_route=%2Fwp%2Fv2%2Ftags&post=75460"}],"curies":[{"name":"wp","href":"https:\/\/api.w.org\/{rel}","templated":true}]}}