{"id":75462,"date":"2021-06-15T16:16:52","date_gmt":"2021-06-15T21:16:52","guid":{"rendered":"http:\/\/www.lospoliticosveracruz.com.mx\/?p=75462"},"modified":"2021-06-15T16:16:55","modified_gmt":"2021-06-15T21:16:55","slug":"brote-de-covid-en-pj-de-panuco","status":"publish","type":"post","link":"https:\/\/lospoliticosveracruz.com.mx\/?p=75462","title":{"rendered":"Brote de Covid en PJ de P\u00e1nuco!"},"content":{"rendered":"\n<p>En la Bandeja<\/p>\n\n\n\n<p>Confirman los rumores que hace unos d\u00edas circulaban en las redes y en los pasillos del Poder Judicial de P\u00e1nuco, Veracruz. Al final, fue cierto que hab\u00eda un brote de Covid, pues varias personas dieron positivo, as\u00ed como muchas personas m\u00e1s que se manten\u00edan en la negativa de no creer que ten\u00edan Covid a pesar de tener los s\u00edntomas, externan en la Bandeja del correo electr\u00f3nico de Los Pol\u00edticos.<br>\u201cLo m\u00e1s preocupante es que en el Poder Judicial, a pesar de estos contagios, siguen sin extremar medidas, se deja ingresar a indeterminado n\u00famero de personas sin restricci\u00f3n, lo que hace que se aglomere la gente; asimismo siguen permitiendo visitas de Xalapa poniendo en riesgo a estas personas y contribuyendo a que el brote que hoy est\u00e1 aqu\u00ed, en P\u00e1nuco, vaya hasta Xalapa o al lugar donde radican estas personas tambi\u00e9n pertenecientes al Poder Judicial\u201d.<br>Los lectores de Los Pol\u00edticos piden a colegas que acuden al Poder Judicial, exijan las medidas necesarias, no bajen la guardia, \u201ch\u00e1ganlo por sus familias\u201d.<\/p>\n","protected":false},"excerpt":{"rendered":"<p>En la Bandeja Confirman los rumores que hace unos d\u00edas circulaban en las redes y en los pasillos del Poder Judicial de P\u00e1nuco, Veracruz. Al final, fue cierto que hab\u00eda un brote de Covid, pues varias personas dieron positivo, as\u00ed como muchas personas m\u00e1s que se manten\u00edan en la negativa de no creer que ten\u00edan [&hellip;]<\/p>\n","protected":false},"author":2,"featured_media":0,"comment_status":"closed","ping_status":"closed","sticky":false,"template":"","format":"standard","meta":{"_jetpack_newsletter_access":"","_jetpack_dont_email_post_to_subs":false,"_jetpack_newsletter_tier_id":0,"_jetpack_memberships_contains_paywalled_content":false,"_jetpack_memberships_contains_paid_content":false,"footnotes":""},"categories":[74],"tags":[28846,17829,19267,27292,82],"class_list":["post-75462","post","type-post","status-publish","format-standard","hentry","category-lavadero","tag-brote-de-covid","tag-covid","tag-medidas-sanitarias","tag-panuco-2","tag-poder-judicial"],"jetpack_featured_media_url":"","jetpack_sharing_enabled":true,"jetpack_shortlink":"https:\/\/wp.me\/p4Qcd3-jD8","_links":{"self":[{"href":"https:\/\/lospoliticosveracruz.com.mx\/index.php?rest_route=\/wp\/v2\/posts\/75462","targetHints":{"allow":["GET"]}}],"collection":[{"href":"https:\/\/lospoliticosveracruz.com.mx\/index.php?rest_route=\/wp\/v2\/posts"}],"about":[{"href":"https:\/\/lospoliticosveracruz.com.mx\/index.php?rest_route=\/wp\/v2\/types\/post"}],"author":[{"embeddable":true,"href":"https:\/\/lospoliticosveracruz.com.mx\/index.php?rest_route=\/wp\/v2\/users\/2"}],"replies":[{"embeddable":true,"href":"https:\/\/lospoliticosveracruz.com.mx\/index.php?rest_route=%2Fwp%2Fv2%2Fcomments&post=75462"}],"version-history":[{"count":1,"href":"https:\/\/lospoliticosveracruz.com.mx\/index.php?rest_route=\/wp\/v2\/posts\/75462\/revisions"}],"predecessor-version":[{"id":75463,"href":"https:\/\/lospoliticosveracruz.com.mx\/index.php?rest_route=\/wp\/v2\/posts\/75462\/revisions\/75463"}],"wp:attachment":[{"href":"https:\/\/lospoliticosveracruz.com.mx\/index.php?rest_route=%2Fwp%2Fv2%2Fmedia&parent=75462"}],"wp:term":[{"taxonomy":"category","embeddable":true,"href":"https:\/\/lospoliticosveracruz.com.mx\/index.php?rest_route=%2Fwp%2Fv2%2Fcategories&post=75462"},{"taxonomy":"post_tag","embeddable":true,"href":"https:\/\/lospoliticosveracruz.com.mx\/index.php?rest_route=%2Fwp%2Fv2%2Ftags&post=75462"}],"curies":[{"name":"wp","href":"https:\/\/api.w.org\/{rel}","templated":true}]}}