{"id":75774,"date":"2021-06-22T08:11:37","date_gmt":"2021-06-22T13:11:37","guid":{"rendered":"http:\/\/www.lospoliticosveracruz.com.mx\/?p=75774"},"modified":"2021-06-22T09:00:42","modified_gmt":"2021-06-22T14:00:42","slug":"lo-bueno-y-lo-malo","status":"publish","type":"post","link":"https:\/\/lospoliticosveracruz.com.mx\/?p=75774","title":{"rendered":"Lo bueno y lo malo"},"content":{"rendered":"\n<p><strong>Eduardo Venegas Naranjo<\/strong><br><em>Aqu\u00ed Entre Nos<\/em><br><\/p>\n\n\n\n<p>El fin de semana Tlacotalpan estuvo de manteles largos con el lanzamiento de los Autobuses ADO conmemorativos por los 200 a\u00f1os de los Tratados de C\u00f3rdoba, donde estuvo presente el Gobernador, Cuitl\u00e1huac Garc\u00eda Jim\u00e9nez, el Secretario de Gobierno; Eric Patrocinio Cisneros Burgos quien por cierto es el nuevo cacique de la Cuenca del Papaloapan, fueron recibidos por el Alcalde Christian Romero P\u00e9rez.<br>Al evento tambi\u00e9n se dieron cita Alcaldes de la regi\u00f3n y algunos Presidentes Municipales Electos que ya hacen presencia ante la clase pol\u00edtica, todos buscan alianzas y ser vistos pues como dice el dicho \u201csanto que no es visto no es adorado\u201d, los que ya se van tienen que quedar bien con el 1 y con el 2 del Estado, para tener una salida sin complicaciones.<br>Lo importante del evento es la proyecci\u00f3n que se le da al estado en especial a Tlacotalpan, lo malo es que ADO hace un evento en la \u00fanica ciudad con el t\u00edtulo de Patrimonio Cultural de la Humanidad otorgado por la UNESCO en 1998, pero no tiene ni una sola corrida del servicio ADO, solo hay servicio de segunda clase (TRV) y desde la pandemia muy limitado, esto no puede ocurrir en una ciudad que va en crecimiento en materia tur\u00edstica. Tlacotalpan merece buenos servicios, los ciudadanos constantemente batallan con la Comisi\u00f3n Federal de Electricidad y la Comisi\u00f3n de Agua del Estado de Veracruz, est\u00e1s empresas no dan una, siempre hay m\u00faltiples quejas de los usuarios.&nbsp;<\/p>\n\n\n\n<div class=\"wp-block-image\"><figure class=\"aligncenter size-large is-resized\"><a href=\"http:\/\/www.lospoliticosveracruz.com.mx\/wp-content\/uploads\/2021\/06\/B19E6F8D-E602-4407-948E-AC13EF3C9B5B.jpeg\"><img loading=\"lazy\" decoding=\"async\" src=\"http:\/\/www.lospoliticosveracruz.com.mx\/wp-content\/uploads\/2021\/06\/B19E6F8D-E602-4407-948E-AC13EF3C9B5B-1024x546.jpeg\" alt=\"\" class=\"wp-image-75775\" width=\"512\" height=\"273\"\/><\/a><\/figure><\/div>\n\n\n\n<p>&#8211;<strong>Erika y Kristel en Tlacotalpan.<\/strong><\/p>\n\n\n\n<p>Ese mismo d\u00eda por la noche coincid\u00ed con dos grandes mujeres ambas diputadas locales, Erika Ayala R\u00edos y Kristel Hern\u00e1ndez Topete, han sido parte fundamental del actual Congreso del Estado,&nbsp;mujeres importantes para la pol\u00edtica de Veracruz, han dejado huella.<br>Erika es una priista de cepa, mujer de compromisos, buena amiga, conoce bien la pol\u00edtica, ha estado vigente por a\u00f1os trabajando de manera pulcra en los cargos que se ha desempe\u00f1ado, Veracruz necesita m\u00e1s mujeres as\u00ed, fue una agasajo coincidir ah\u00ed con su prima Guillermina, cant\u00f3 extraordinario, esa velada merece repetirse.<br>Kristel Hern\u00e1ndez Topete, actual Diputada Local del Distrito 24, y Alcaldesa Electa de Santiago Tuxtla, tambi\u00e9n lleg\u00f3 a Tlacotalpan, vaya que disfrut\u00f3 su estancia tuvo la oportunidad de saludar a los ciudadanos e intercambi\u00f3 ideas con ellos.&nbsp;<br>Kristel sabe que es la esperanza de su tierra, tuvo la confianza de su gente, ser\u00e1 buena alcaldesa. Como legisladora ha gestionado para todos los municipios del distrito; a partir del 1 de enero de 2022 tendr\u00e1 la oportunidad de gobernar su tierra, de dar resultados y ayudar a su gente,&nbsp;es una mujer joven que no tiene miedo al trabajo.<\/p>\n\n\n\n<div class=\"wp-block-image\"><figure class=\"alignleft size-large is-resized\"><a href=\"http:\/\/www.lospoliticosveracruz.com.mx\/wp-content\/uploads\/2021\/06\/WhatsApp-Image-2021-06-16-at-17.12.21.jpeg\"><img loading=\"lazy\" decoding=\"async\" src=\"http:\/\/www.lospoliticosveracruz.com.mx\/wp-content\/uploads\/2021\/06\/WhatsApp-Image-2021-06-16-at-17.12.21.jpeg\" alt=\"\" class=\"wp-image-75531\" width=\"200\" height=\"400\"\/><\/a><\/figure><\/div>\n\n\n\n<p>&#8211;<strong>Bertha y Wicho los electos bien aceptados por el gobierno<\/strong><\/p>\n\n\n\n<p>A Tlacotalpan tambi\u00e9n lleg\u00f3 Bertha Torres, que en 2022 tendr\u00e1 el honor de gobernar Chacaltianguis, ser\u00e1 la Alcaldesa m\u00e1s joven de Veracruz con tan solo 22 a\u00f1os.&nbsp;<br>Bertha ya fue presidenta del DIF Municipal, su pueblo la respald\u00f3 y le dio la confianza para gobernarlos, en Tlacotalpan pudo saludar al gobernador Cuitl\u00e1huac Garc\u00eda ah\u00ed acordaron trabajar por el bienestar de la Esmeralda del Papaloapan.&nbsp;<br>El Presidente Municipal Electo de Tlacotalpan Luis Medina Aguirre tambi\u00e9n salud\u00f3 al gobernador Cuitl\u00e1huac Garc\u00eda y al Secretario de Gobierno, Eric Cisneros con quienes platic\u00f3, el dos en el estado le dijo: \u201cFelicidades Alcalde vamos a trabajar bien vienen cosas buenas para Tlacotalpan\u201d. Mientras otros \u201csue\u00f1an\u201d con la impugnaci\u00f3n el \u201carroz\u201d de la pasada elecci\u00f3n del 6 de junio ya se coci\u00f3, pues Eric Cisneros le confirm\u00f3 a Wicho Medina que en pr\u00f3ximos d\u00edas se reunir\u00e1n en Xalapa con los Alcaldes electos para ir viendo temas de&nbsp;&nbsp;los municipios. As\u00ed las cosas, todo es cuesti\u00f3n de tiempo.&nbsp;<\/p>\n\n\n\n<p>lalo_tlaco@hotmail.con<br>@lalo2808<\/p>\n","protected":false},"excerpt":{"rendered":"<p>Eduardo Venegas NaranjoAqu\u00ed Entre Nos El fin de semana Tlacotalpan estuvo de manteles largos con el lanzamiento de los Autobuses ADO conmemorativos por los 200 a\u00f1os de los Tratados de C\u00f3rdoba, donde estuvo presente el Gobernador, Cuitl\u00e1huac Garc\u00eda Jim\u00e9nez, el Secretario de Gobierno; Eric Patrocinio Cisneros Burgos quien por cierto es el nuevo cacique de [&hellip;]<\/p>\n","protected":false},"author":2,"featured_media":0,"comment_status":"closed","ping_status":"closed","sticky":false,"template":"","format":"standard","meta":{"_jetpack_newsletter_access":"","_jetpack_dont_email_post_to_subs":false,"_jetpack_newsletter_tier_id":0,"_jetpack_memberships_contains_paywalled_content":false,"_jetpack_memberships_contains_paid_content":false,"footnotes":""},"categories":[70],"tags":[8534,1563,12299,3525,13642,7641,9289],"class_list":["post-75774","post","type-post","status-publish","format-standard","hentry","category-de-opinion","tag-christian-romero-perez","tag-cuitlahuac-garcia-jimenez","tag-eric-cisneros-burgos","tag-erika-ayala-rios","tag-kristel-hernandez-topete","tag-leticia-lopez-landero","tag-tratados-de-cordoba"],"jetpack_featured_media_url":"","jetpack_sharing_enabled":true,"jetpack_shortlink":"https:\/\/wp.me\/p4Qcd3-jIa","_links":{"self":[{"href":"https:\/\/lospoliticosveracruz.com.mx\/index.php?rest_route=\/wp\/v2\/posts\/75774","targetHints":{"allow":["GET"]}}],"collection":[{"href":"https:\/\/lospoliticosveracruz.com.mx\/index.php?rest_route=\/wp\/v2\/posts"}],"about":[{"href":"https:\/\/lospoliticosveracruz.com.mx\/index.php?rest_route=\/wp\/v2\/types\/post"}],"author":[{"embeddable":true,"href":"https:\/\/lospoliticosveracruz.com.mx\/index.php?rest_route=\/wp\/v2\/users\/2"}],"replies":[{"embeddable":true,"href":"https:\/\/lospoliticosveracruz.com.mx\/index.php?rest_route=%2Fwp%2Fv2%2Fcomments&post=75774"}],"version-history":[{"count":4,"href":"https:\/\/lospoliticosveracruz.com.mx\/index.php?rest_route=\/wp\/v2\/posts\/75774\/revisions"}],"predecessor-version":[{"id":75791,"href":"https:\/\/lospoliticosveracruz.com.mx\/index.php?rest_route=\/wp\/v2\/posts\/75774\/revisions\/75791"}],"wp:attachment":[{"href":"https:\/\/lospoliticosveracruz.com.mx\/index.php?rest_route=%2Fwp%2Fv2%2Fmedia&parent=75774"}],"wp:term":[{"taxonomy":"category","embeddable":true,"href":"https:\/\/lospoliticosveracruz.com.mx\/index.php?rest_route=%2Fwp%2Fv2%2Fcategories&post=75774"},{"taxonomy":"post_tag","embeddable":true,"href":"https:\/\/lospoliticosveracruz.com.mx\/index.php?rest_route=%2Fwp%2Fv2%2Ftags&post=75774"}],"curies":[{"name":"wp","href":"https:\/\/api.w.org\/{rel}","templated":true}]}}