{"id":75879,"date":"2021-06-23T19:29:20","date_gmt":"2021-06-24T00:29:20","guid":{"rendered":"http:\/\/www.lospoliticosveracruz.com.mx\/?p=75879"},"modified":"2021-06-23T19:29:23","modified_gmt":"2021-06-24T00:29:23","slug":"temo-al-imss","status":"publish","type":"post","link":"https:\/\/lospoliticosveracruz.com.mx\/?p=75879","title":{"rendered":"Temo, al IMSS!"},"content":{"rendered":"\n<div class=\"wp-block-image\"><figure class=\"alignleft size-large is-resized\"><a href=\"http:\/\/www.lospoliticosveracruz.com.mx\/wp-content\/uploads\/2021\/06\/WhatsApp-Image-2021-06-16-at-17.12.21.jpeg\"><img loading=\"lazy\" decoding=\"async\" src=\"http:\/\/www.lospoliticosveracruz.com.mx\/wp-content\/uploads\/2021\/06\/WhatsApp-Image-2021-06-16-at-17.12.21.jpeg\" alt=\"\" class=\"wp-image-75531\" width=\"200\" height=\"400\"\/><\/a><\/figure><\/div>\n\n\n\n<p>El rumor empez\u00f3 a sonar en el Altiplano y ya repercuti\u00f3 en el IMSS\u2026 todo parece indicar que en breve, el xalape\u00f1o Cuauht\u00e9moc Vel\u00e1zquez estar\u00eda ocupando la delegaci\u00f3n del IMSS en Xalapa\u2026<br>Como se recordar\u00e1, Cuauht\u00e9moc Vel\u00e1zquez ha ocupado varios cargos administrativos como en la oficina de Hacienda ubicada en Plaza Animas, por lo que no extra\u00f1ar\u00eda en este caso su arribo.<br>En breve, se podr\u00eda confirmar la especie o quiz\u00e1s el mismo xalape\u00f1o la suelte porque no dude que si es as\u00ed, ya est\u00e9 que revienta por decirlo\u2026<br>ocupar\u00e1 la delegaci\u00f3n del IMSS en Xalapa.<\/p>\n","protected":false},"excerpt":{"rendered":"<p>El rumor empez\u00f3 a sonar en el Altiplano y ya repercuti\u00f3 en el IMSS\u2026 todo parece indicar que en breve, el xalape\u00f1o Cuauht\u00e9moc Vel\u00e1zquez estar\u00eda ocupando la delegaci\u00f3n del IMSS en Xalapa\u2026Como se recordar\u00e1, Cuauht\u00e9moc Vel\u00e1zquez ha ocupado varios cargos administrativos como en la oficina de Hacienda ubicada en Plaza Animas, por lo que no [&hellip;]<\/p>\n","protected":false},"author":2,"featured_media":0,"comment_status":"closed","ping_status":"closed","sticky":false,"template":"","format":"standard","meta":{"_jetpack_newsletter_access":"","_jetpack_dont_email_post_to_subs":false,"_jetpack_newsletter_tier_id":0,"_jetpack_memberships_contains_paywalled_content":false,"_jetpack_memberships_contains_paid_content":false,"footnotes":""},"categories":[74],"tags":[16188,1208,96],"class_list":["post-75879","post","type-post","status-publish","format-standard","hentry","category-lavadero","tag-cuauhtemoc-velazquez","tag-imss","tag-xalapa"],"jetpack_featured_media_url":"","jetpack_sharing_enabled":true,"jetpack_shortlink":"https:\/\/wp.me\/p4Qcd3-jJR","_links":{"self":[{"href":"https:\/\/lospoliticosveracruz.com.mx\/index.php?rest_route=\/wp\/v2\/posts\/75879","targetHints":{"allow":["GET"]}}],"collection":[{"href":"https:\/\/lospoliticosveracruz.com.mx\/index.php?rest_route=\/wp\/v2\/posts"}],"about":[{"href":"https:\/\/lospoliticosveracruz.com.mx\/index.php?rest_route=\/wp\/v2\/types\/post"}],"author":[{"embeddable":true,"href":"https:\/\/lospoliticosveracruz.com.mx\/index.php?rest_route=\/wp\/v2\/users\/2"}],"replies":[{"embeddable":true,"href":"https:\/\/lospoliticosveracruz.com.mx\/index.php?rest_route=%2Fwp%2Fv2%2Fcomments&post=75879"}],"version-history":[{"count":1,"href":"https:\/\/lospoliticosveracruz.com.mx\/index.php?rest_route=\/wp\/v2\/posts\/75879\/revisions"}],"predecessor-version":[{"id":75880,"href":"https:\/\/lospoliticosveracruz.com.mx\/index.php?rest_route=\/wp\/v2\/posts\/75879\/revisions\/75880"}],"wp:attachment":[{"href":"https:\/\/lospoliticosveracruz.com.mx\/index.php?rest_route=%2Fwp%2Fv2%2Fmedia&parent=75879"}],"wp:term":[{"taxonomy":"category","embeddable":true,"href":"https:\/\/lospoliticosveracruz.com.mx\/index.php?rest_route=%2Fwp%2Fv2%2Fcategories&post=75879"},{"taxonomy":"post_tag","embeddable":true,"href":"https:\/\/lospoliticosveracruz.com.mx\/index.php?rest_route=%2Fwp%2Fv2%2Ftags&post=75879"}],"curies":[{"name":"wp","href":"https:\/\/api.w.org\/{rel}","templated":true}]}}