{"id":75950,"date":"2021-06-25T10:52:34","date_gmt":"2021-06-25T15:52:34","guid":{"rendered":"http:\/\/www.lospoliticosveracruz.com.mx\/?p=75950"},"modified":"2021-06-25T10:52:40","modified_gmt":"2021-06-25T15:52:40","slug":"las-traiciones-de-cadena-debe-irse-del-prd","status":"publish","type":"post","link":"https:\/\/lospoliticosveracruz.com.mx\/?p=75950","title":{"rendered":"Las traiciones de Cadena, debe irse del PRD"},"content":{"rendered":"\n<p><strong>Eduardo Venegas Naranjo.<\/strong><\/p>\n\n\n\n<p><em>Aqu\u00ed Entre Nos\u2026<br><\/em><\/p>\n\n\n\n<p>El Presidente del Comit\u00e9 Estatal del Partido de la Revoluci\u00f3n Democr\u00e1tica, Sergio Cadena antepuso sus intereses personales y econ\u00f3micos, demostrando su deslealtad a su gente, pero sobre todo dej\u00f3 solo a quien lo apoy\u00f3 y lo llev\u00f3 a la presidencia del PRD.<br>El l\u00edder del Sol Azteca en la entidad ya olvid\u00f3 la lucha por la libertad de Rogelio Franco, tambi\u00e9n le quit\u00f3 la representaci\u00f3n ante el \u00d3rgano P\u00fablico Local Electoral a una aut\u00e9ntica perredista de cepa a Yazm\u00edn de Los \u00c1ngeles Copete Zapot, tal parece que estos personajes le estorban a Cadena.<br>Con la actitud de Cadena Mart\u00ednez el PRD no es m\u00e1s que una posici\u00f3n a modo del Gobierno del Estado, le llegaron al precio, es claro que Sergio Cadena no vela por los intereses de su partido ha traicionado a su gente, las bases perredistas deben pelear y expulsarlo; por personajes como \u00e9l la pol\u00edtica no avanza, no puede morder la mano que le dio de comer.&nbsp;<\/p>\n\n\n\n<div class=\"wp-block-image\"><figure class=\"aligncenter size-large\"><a href=\"http:\/\/www.lospoliticosveracruz.com.mx\/wp-content\/uploads\/2021\/06\/Arbesu.jpg\"><img decoding=\"async\" src=\"http:\/\/www.lospoliticosveracruz.com.mx\/wp-content\/uploads\/2021\/06\/Arbesu-1024x502.jpg\" alt=\"\" class=\"wp-image-75954\"\/><\/a><\/figure><\/div>\n\n\n\n<p><strong>Si X\u00f3chitl no puede con Sectur\u00a0\u00a0que renuncie<\/strong><\/p>\n\n\n\n<p>A quien ya se le ve un poco m\u00e1s activa es la flamante Secretaria de Turismo X\u00f3chitl Arbes\u00fa Lago, pues la pandemia de Covid19 le vino \u201ccomo anillo al dedo\u201d estuvo demasiado ausente en su sector varios meses, de por s\u00ed como funcionaria no ha sido nada activa y no ha dado \u00f3ptimos resultados.&nbsp;<br>Veracruz requiere en la Sectur gente con dinamismo, movida, con verg\u00fcenza, pero bueno, esta \u00faltima semana la minatitleca estuvo m\u00e1s activa de lo normal, deber\u00eda aplicarse bien y apuntalar a las zonas tur\u00edsticas que se vieron severamente golpeadas por el confinamiento a causa del coronavirus y es que a X\u00f3chitl le faltan ideas frescas, \u00bfno tiene asesores? o de plano no les interesa el tema.&nbsp;<br>Vaya que es momento de hacer que la entidad repunte, hay zonas ricas que requieren ser impulsadas de inmediato.<br>En Tlacotalpan el s\u00e1bado pasado estuvo en un evento coordinado por Grupo ADO y Gobierno del Estado, sin embargo sus declaraciones fueron escuetas, no habl\u00f3 mucho, evade a la prensa y es que el Secretario de Gobierno Eric Patrocinio Cisneros habla m\u00e1s del tema tur\u00edstico que ella, si X\u00f3chitl no puede con el paquete debe renunciar.<br>lalo_tlaco@hotmail.com<br>@lalo2808<\/p>\n","protected":false},"excerpt":{"rendered":"<p>Eduardo Venegas Naranjo. Aqu\u00ed Entre Nos\u2026 El Presidente del Comit\u00e9 Estatal del Partido de la Revoluci\u00f3n Democr\u00e1tica, Sergio Cadena antepuso sus intereses personales y econ\u00f3micos, demostrando su deslealtad a su gente, pero sobre todo dej\u00f3 solo a quien lo apoy\u00f3 y lo llev\u00f3 a la presidencia del PRD.El l\u00edder del Sol Azteca en la entidad [&hellip;]<\/p>\n","protected":false},"author":2,"featured_media":65227,"comment_status":"closed","ping_status":"closed","sticky":false,"template":"","format":"standard","meta":{"_jetpack_newsletter_access":"","_jetpack_dont_email_post_to_subs":false,"_jetpack_newsletter_tier_id":0,"_jetpack_memberships_contains_paywalled_content":false,"_jetpack_memberships_contains_paid_content":false,"footnotes":""},"categories":[70],"tags":[19057,13170,13380,1476,107,2156,14641,12607],"class_list":["post-75950","post","type-post","status-publish","format-standard","has-post-thumbnail","hentry","category-de-opinion","tag-covid19","tag-eduardo-venegas-naranjo","tag-eric-patrocinio-cisneros","tag-partido-de-la-revolucion-democratica","tag-prd","tag-sectur","tag-sol-azteca","tag-xochitl-arbesu-lago"],"jetpack_featured_media_url":"https:\/\/lospoliticosveracruz.com.mx\/wp-content\/uploads\/2020\/12\/Sergio-Cadena.jpeg","jetpack_sharing_enabled":true,"jetpack_shortlink":"https:\/\/wp.me\/p4Qcd3-jL0","_links":{"self":[{"href":"https:\/\/lospoliticosveracruz.com.mx\/index.php?rest_route=\/wp\/v2\/posts\/75950","targetHints":{"allow":["GET"]}}],"collection":[{"href":"https:\/\/lospoliticosveracruz.com.mx\/index.php?rest_route=\/wp\/v2\/posts"}],"about":[{"href":"https:\/\/lospoliticosveracruz.com.mx\/index.php?rest_route=\/wp\/v2\/types\/post"}],"author":[{"embeddable":true,"href":"https:\/\/lospoliticosveracruz.com.mx\/index.php?rest_route=\/wp\/v2\/users\/2"}],"replies":[{"embeddable":true,"href":"https:\/\/lospoliticosveracruz.com.mx\/index.php?rest_route=%2Fwp%2Fv2%2Fcomments&post=75950"}],"version-history":[{"count":1,"href":"https:\/\/lospoliticosveracruz.com.mx\/index.php?rest_route=\/wp\/v2\/posts\/75950\/revisions"}],"predecessor-version":[{"id":75955,"href":"https:\/\/lospoliticosveracruz.com.mx\/index.php?rest_route=\/wp\/v2\/posts\/75950\/revisions\/75955"}],"wp:featuredmedia":[{"embeddable":true,"href":"https:\/\/lospoliticosveracruz.com.mx\/index.php?rest_route=\/wp\/v2\/media\/65227"}],"wp:attachment":[{"href":"https:\/\/lospoliticosveracruz.com.mx\/index.php?rest_route=%2Fwp%2Fv2%2Fmedia&parent=75950"}],"wp:term":[{"taxonomy":"category","embeddable":true,"href":"https:\/\/lospoliticosveracruz.com.mx\/index.php?rest_route=%2Fwp%2Fv2%2Fcategories&post=75950"},{"taxonomy":"post_tag","embeddable":true,"href":"https:\/\/lospoliticosveracruz.com.mx\/index.php?rest_route=%2Fwp%2Fv2%2Ftags&post=75950"}],"curies":[{"name":"wp","href":"https:\/\/api.w.org\/{rel}","templated":true}]}}