{"id":75957,"date":"2021-06-25T13:06:39","date_gmt":"2021-06-25T18:06:39","guid":{"rendered":"http:\/\/www.lospoliticosveracruz.com.mx\/?p=75957"},"modified":"2021-06-25T13:06:44","modified_gmt":"2021-06-25T18:06:44","slug":"ninos-de-zongolica-en-la-puerta-falsa","status":"publish","type":"post","link":"https:\/\/lospoliticosveracruz.com.mx\/?p=75957","title":{"rendered":"Ni\u00f1os de Zongolica, en la puerta falsa!"},"content":{"rendered":"\n<div class=\"wp-block-image\"><figure class=\"alignleft size-large is-resized\"><a href=\"http:\/\/www.lospoliticosveracruz.com.mx\/wp-content\/uploads\/2021\/06\/WhatsApp-Image-2021-06-16-at-17.12.21.jpeg\"><img loading=\"lazy\" decoding=\"async\" src=\"http:\/\/www.lospoliticosveracruz.com.mx\/wp-content\/uploads\/2021\/06\/WhatsApp-Image-2021-06-16-at-17.12.21.jpeg\" alt=\"\" class=\"wp-image-75531\" width=\"200\" height=\"400\"\/><\/a><\/figure><\/div>\n\n\n\n<p><strong>Xalapa<br><\/strong>El alcalde de Zongolica, Juan Carlos Mezhua inform\u00f3 que se han reportado 5 intentos de suicidios de menores, de los cuales 2 lamentablemente \u00ablograron su objetivo\u00bb.<br>Por lo que ya se trabaja en medidas y programas de prevenci\u00f3n.<br>\u00abHemos tenido en este a\u00f1o, 5 intentos de suicidios de menores de edad, es un tema que tengo trabajando con el \u00e1rea de Protecci\u00f3n Civil\u00bb.<br>En un mensaje a trav\u00e9s de su red social, el alcalde de Zongolica precis\u00f3 \u00abque en lo personal le rompe el coraz\u00f3n porque son ni\u00f1os\u00bb<br>Pidi\u00f3 a la poblaci\u00f3n de Zongolica \u00abcuidar a nuestra ni\u00f1ez. Les pido que vean sus contenidos de las redes sociales y cuiden a sus hijos\u00bb.<\/p>\n","protected":false},"excerpt":{"rendered":"<p>XalapaEl alcalde de Zongolica, Juan Carlos Mezhua inform\u00f3 que se han reportado 5 intentos de suicidios de menores, de los cuales 2 lamentablemente \u00ablograron su objetivo\u00bb.Por lo que ya se trabaja en medidas y programas de prevenci\u00f3n.\u00abHemos tenido en este a\u00f1o, 5 intentos de suicidios de menores de edad, es un tema que tengo trabajando [&hellip;]<\/p>\n","protected":false},"author":2,"featured_media":0,"comment_status":"closed","ping_status":"closed","sticky":false,"template":"","format":"standard","meta":{"_jetpack_newsletter_access":"","_jetpack_dont_email_post_to_subs":false,"_jetpack_newsletter_tier_id":0,"_jetpack_memberships_contains_paywalled_content":false,"_jetpack_memberships_contains_paid_content":false,"footnotes":""},"categories":[6446],"tags":[15321,17643,206,29046],"class_list":["post-75957","post","type-post","status-publish","format-standard","hentry","category-la-nota","tag-juan-carlos-mezhua","tag-prevencion","tag-proteccion-civil","tag-suicidios-de-menores"],"jetpack_featured_media_url":"","jetpack_sharing_enabled":true,"jetpack_shortlink":"https:\/\/wp.me\/p4Qcd3-jL7","_links":{"self":[{"href":"https:\/\/lospoliticosveracruz.com.mx\/index.php?rest_route=\/wp\/v2\/posts\/75957","targetHints":{"allow":["GET"]}}],"collection":[{"href":"https:\/\/lospoliticosveracruz.com.mx\/index.php?rest_route=\/wp\/v2\/posts"}],"about":[{"href":"https:\/\/lospoliticosveracruz.com.mx\/index.php?rest_route=\/wp\/v2\/types\/post"}],"author":[{"embeddable":true,"href":"https:\/\/lospoliticosveracruz.com.mx\/index.php?rest_route=\/wp\/v2\/users\/2"}],"replies":[{"embeddable":true,"href":"https:\/\/lospoliticosveracruz.com.mx\/index.php?rest_route=%2Fwp%2Fv2%2Fcomments&post=75957"}],"version-history":[{"count":1,"href":"https:\/\/lospoliticosveracruz.com.mx\/index.php?rest_route=\/wp\/v2\/posts\/75957\/revisions"}],"predecessor-version":[{"id":75959,"href":"https:\/\/lospoliticosveracruz.com.mx\/index.php?rest_route=\/wp\/v2\/posts\/75957\/revisions\/75959"}],"wp:attachment":[{"href":"https:\/\/lospoliticosveracruz.com.mx\/index.php?rest_route=%2Fwp%2Fv2%2Fmedia&parent=75957"}],"wp:term":[{"taxonomy":"category","embeddable":true,"href":"https:\/\/lospoliticosveracruz.com.mx\/index.php?rest_route=%2Fwp%2Fv2%2Fcategories&post=75957"},{"taxonomy":"post_tag","embeddable":true,"href":"https:\/\/lospoliticosveracruz.com.mx\/index.php?rest_route=%2Fwp%2Fv2%2Ftags&post=75957"}],"curies":[{"name":"wp","href":"https:\/\/api.w.org\/{rel}","templated":true}]}}