{"id":76075,"date":"2021-06-28T16:36:30","date_gmt":"2021-06-28T21:36:30","guid":{"rendered":"http:\/\/www.lospoliticosveracruz.com.mx\/?p=76075"},"modified":"2021-06-28T16:36:35","modified_gmt":"2021-06-28T21:36:35","slug":"hoy-las-clases-medias-tienen-quien-las-odie","status":"publish","type":"post","link":"https:\/\/lospoliticosveracruz.com.mx\/?p=76075","title":{"rendered":"Hoy las clases medias tienen quien las odie"},"content":{"rendered":"\n<p><strong> lnocencio Y\u00e1\u00f1ez Vicencio<\/strong><\/p>\n\n\n\n<p>No aceptar vender una milpa de cuatro hect\u00e1reas a un potentado, llev\u00f3 a mi padre a perder la vida y dejar una viuda con un hijo de nueve meses y otro en el vientre, que ocasion\u00f3 que desde ese momento mi abuela, que no sab\u00eda ni leer ni escribir y que el sustento lo obten\u00eda de lavar ropa ajena, se ocup\u00f3 de mi crianza. En mi despertar recuerdo que un d\u00eda que despu\u00e9s de ir a entregar tres docenas de ropa y que con muy mal humor me dijeran: dile a do\u00f1a Cristy que hasta el lunes le pago (el marido de la patrona era petrolero y cobraba el viernes, pero disfrutaba postergando el importe de la lavada. <\/p>\n\n\n\n<div class=\"wp-block-image\"><figure class=\"alignleft size-large is-resized\"><a href=\"http:\/\/www.lospoliticosveracruz.com.mx\/wp-content\/uploads\/2021\/06\/Musicos.png\"><img loading=\"lazy\" decoding=\"async\" src=\"http:\/\/www.lospoliticosveracruz.com.mx\/wp-content\/uploads\/2021\/06\/Musicos.png\" alt=\"\" class=\"wp-image-76033\" width=\"389\" height=\"233\"\/><\/a><\/figure><\/div>\n\n\n\n<p>Lavada que se ten\u00eda que hacer con lej\u00eda de ceniza, hirviendo, petr\u00f3leo y lim\u00f3n\u2026), mi abuela me orden\u00f3 traer una bara y llamar a los perros para ir al basurero municipal, localizado por Los Viveros, para buscar botellas y fierros para venderos y sacar para masa y tomate y comer una estrujada (tortilla gruesa con manteca y tomate, que se estruja). Viv\u00eda en ese tiempo en bald\u00edo de la calle de Guerrero, propiedad de do\u00f1a Pepa, t\u00eda de don Enrique Rodr\u00edguez Cano. Colindaba con la casa de los pap\u00e1s de Miguel L\u00f3pez Azuara. En frente habitaba H\u00e9ctor M\u00e9ndez. A unos metros viv\u00eda Beto Arango y muchos otros amigos. Durante esos a\u00f1os, como gitano, pasaba de un domicilio a otro. Mi hogar era donde mi abuela colocaba unos cartones. Conocimos el abrigo de los Tapia y de la calle. Mi hermano Joel, despu\u00e9s de hacer su morada un almendro localizado donde ahora est\u00e1 el estacionamiento del Mercado principal, nunca regres\u00f3. Despu\u00e9s de hacer la Primaria de manera intermitente, porque los que no tenemos nada, tenemos que elegir entre vender peri\u00f3dicos, asear calzado u otro trabajo o ir a la escuela. Gracias a un regalo navide\u00f1o que me hizo Ricardo Tapia, familiar, con quien pase arrimado algunos a\u00f1os, me inscrib\u00ed en la secundaria. Con 500 pesos que me obsequi\u00f3 Jorge Guti\u00e9rrez Morales, alcalde en ese tiempo de Tuxpan, sal\u00ed a la CDMX , pagando un mes de una pensi\u00f3n y despu\u00e9s a sobrevivir en d\u00f3nde me tomara la noche. Por fin en 1969 obtuve una plaza de bibliotecario que me permiti\u00f3 culminar la licenciatura en Econom\u00eda en el IPN.<br>Hace poco, platicando con mis amigos de infancia Rodolfo Salas, Ricardo Rosas, Miguel Pe\u00f1a, Alfredo Salas, me expresaba este \u00faltimo : tu no sufriste, tuviste carencias. Y creo que tiene raz\u00f3n Alfredo. No obstante haber pasado por el s\u00f3tano de la pobreza y haber conocido la calle como morada, tuve la dicha de tener muy buenos amigos y tratar gente admirable.<\/p>\n\n\n\n<div class=\"wp-block-image\"><figure class=\"alignleft size-large is-resized\"><a href=\"http:\/\/www.lospoliticosveracruz.com.mx\/wp-content\/uploads\/2021\/06\/Rostros.png\"><img loading=\"lazy\" decoding=\"async\" src=\"http:\/\/www.lospoliticosveracruz.com.mx\/wp-content\/uploads\/2021\/06\/Rostros.png\" alt=\"\" class=\"wp-image-76034\" width=\"389\" height=\"233\"\/><\/a><\/figure><\/div>\n\n\n\n<p><br>Lo que nunca pens\u00e9 es que hubiera alguien que le molestara el esfuerzo que hice para salir de la infrapobreza y que ese alguien fuera nada m\u00e1s pero nada menos que el presidente Andr\u00e9s Manuel L\u00f3pez Obrador. No siento haber hecho nada extraordinario. Soy afortunado porque muchos han realizado esfuerzos muy superiores al m\u00edo y no tienen nada. Yo no vivo pensando que merec\u00eda m\u00e1s. Disfruto lo que tengo. Disfruto mis hijos, que todos hayan hecho una maestr\u00eda, que pudiera pagarles una universidad de la m\u00e1s alta calidad, disfruto mis amigos, disfruto mis m\u00e1s de 15 libros selectos y antiguos. Que pena que tengamos que recordar de donde venimos para decirle a quien hoy ocupa la presidencia que no obstante que estamos orgullosos de nuestro origen, a pesar de los a\u00f1os no bajamos la guardia y seguimos luchando por tener acceso a mejores oportunidades, porque ni aceptamos fatalismo ni estamos atendidos a canjear nuestro voto a cambio de limosnas.<br>No hace falta saber que desde la antig\u00fcedad, las clases medias han jugado un papel muy importante. Para Arist\u00f3teles la Politeia s\u00f3lo era posible si se asentaba en una clase media. Tengo la impresi\u00f3n de que Amlo confunde clase media con peque\u00f1aburgues\u00eda. No hay soci\u00f3logo que no se empantane al meterse a desglosar las clases sociales. El que Marx haya dejado pendiente desarrollar esta tem\u00e1tica hizo que sus seguidores patinaran con esta categor\u00eda social. A nivel de modo de producci\u00f3n hay dos clases, pero al aterrizar con la Formacion Econ\u00f3mica Social, adem\u00e1s de, por ejemplo en el capitalismo hay los burgueses, due\u00f1os de los medios de producci\u00f3n y los proletarios, carentes de medios de producci\u00f3n, pero a nivel de FES, existen fracciones de clase y grupos residuales como los campesinos y los artesanos y terrateniente. L\u00f3pez C\u00e1mara, Loeza, Stern\u2026nos han iluminado en este laberinto. Max Weber, Nicos Poulantzas, Nocole Laurin-Frennete\u2026 ya gastaron muchas neuronas tratando de dilucidar este t\u00f3pico.<br>Todo hace pensar que al presidente lo aconsejaron mal o le gan\u00f3 el prejuicio surgido de la decantaci\u00f3n de las clases medias exasperadas por el nazifascismo. Es cierto, las mal llamadas clases medias pueden ser ganadas por la revoluci\u00f3n social o por la contrarrevoluci\u00f3n, como aqu\u00ed sucedi\u00f3 en el 2018. Pero es inconcebible que un l\u00edder de masas se dedique a ofenderlas en lugar de tratar de ganarlas con pol\u00edticas y propaganda. Nadie ignora que las crisis econ\u00f3micas le pegan muy fuerte a los sectores medios. Son ellos los primeros en dejar de pagar hipotecas, letras de coche, ahorcarse en deudas, suprimir viajes, sacar a sus hijos de escuelas privadas, renunciar a fiestas de aniversarios y quincea\u00f1os\u2026 pareciera que Amlo le apuesta m\u00e1s a sus 25 mil servidores de la naci\u00f3n, a las limosnas que otorga a los que \u00e9l llama mascotas, a los desv\u00edos de los dineros de los fideicomisos, subejercicios, ahorros fiscales, a sus Ma\u00f1aneras, a sus pactos con los malosos, que a una estrategia de convencimiento electoral<br>Los insultos de Amlo hacia la clase media, lo van a dejar cada vez m\u00e1s aislado, sin posibilidad de perpetuar el proyecto de Morena, por lo que para intentarlo es un hecho que la \u00fanica v\u00eda que le queda para ello es la fuerza, por lo que hay que estar preparado para una mayor cercan\u00eda con el crimen, un mayor uso de la Unidad de Inteligencia Financiera y, sobre todo, m\u00e1s degradaci\u00f3n y persecuci\u00f3n hacia quien no se le someta.<\/p>\n","protected":false},"excerpt":{"rendered":"<p>lnocencio Y\u00e1\u00f1ez Vicencio No aceptar vender una milpa de cuatro hect\u00e1reas a un potentado, llev\u00f3 a mi padre a perder la vida y dejar una viuda con un hijo de nueve meses y otro en el vientre, que ocasion\u00f3 que desde ese momento mi abuela, que no sab\u00eda ni leer ni escribir y que el [&hellip;]<\/p>\n","protected":false},"author":2,"featured_media":0,"comment_status":"closed","ping_status":"closed","sticky":false,"template":"","format":"standard","meta":{"_jetpack_newsletter_access":"","_jetpack_dont_email_post_to_subs":false,"_jetpack_newsletter_tier_id":0,"_jetpack_memberships_contains_paywalled_content":false,"_jetpack_memberships_contains_paid_content":false,"footnotes":""},"categories":[70],"tags":[618,29107,18167,29106,29105,144,24372,29108,29109],"class_list":["post-76075","post","type-post","status-publish","format-standard","hentry","category-de-opinion","tag-andres-manuel-lopez-obrador","tag-burgueses","tag-cdmx","tag-clases-medias","tag-infrapobreza","tag-ipn","tag-lnocencio-yanez-vicencio","tag-proletarios","tag-terrateniente"],"jetpack_featured_media_url":"","jetpack_sharing_enabled":true,"jetpack_shortlink":"https:\/\/wp.me\/p4Qcd3-jN1","_links":{"self":[{"href":"https:\/\/lospoliticosveracruz.com.mx\/index.php?rest_route=\/wp\/v2\/posts\/76075","targetHints":{"allow":["GET"]}}],"collection":[{"href":"https:\/\/lospoliticosveracruz.com.mx\/index.php?rest_route=\/wp\/v2\/posts"}],"about":[{"href":"https:\/\/lospoliticosveracruz.com.mx\/index.php?rest_route=\/wp\/v2\/types\/post"}],"author":[{"embeddable":true,"href":"https:\/\/lospoliticosveracruz.com.mx\/index.php?rest_route=\/wp\/v2\/users\/2"}],"replies":[{"embeddable":true,"href":"https:\/\/lospoliticosveracruz.com.mx\/index.php?rest_route=%2Fwp%2Fv2%2Fcomments&post=76075"}],"version-history":[{"count":1,"href":"https:\/\/lospoliticosveracruz.com.mx\/index.php?rest_route=\/wp\/v2\/posts\/76075\/revisions"}],"predecessor-version":[{"id":76077,"href":"https:\/\/lospoliticosveracruz.com.mx\/index.php?rest_route=\/wp\/v2\/posts\/76075\/revisions\/76077"}],"wp:attachment":[{"href":"https:\/\/lospoliticosveracruz.com.mx\/index.php?rest_route=%2Fwp%2Fv2%2Fmedia&parent=76075"}],"wp:term":[{"taxonomy":"category","embeddable":true,"href":"https:\/\/lospoliticosveracruz.com.mx\/index.php?rest_route=%2Fwp%2Fv2%2Fcategories&post=76075"},{"taxonomy":"post_tag","embeddable":true,"href":"https:\/\/lospoliticosveracruz.com.mx\/index.php?rest_route=%2Fwp%2Fv2%2Ftags&post=76075"}],"curies":[{"name":"wp","href":"https:\/\/api.w.org\/{rel}","templated":true}]}}