{"id":76200,"date":"2021-07-01T08:35:48","date_gmt":"2021-07-01T13:35:48","guid":{"rendered":"http:\/\/www.lospoliticosveracruz.com.mx\/?p=76200"},"modified":"2021-07-01T08:35:54","modified_gmt":"2021-07-01T13:35:54","slug":"felipe-gone-rodriguez-mi-amigo","status":"publish","type":"post","link":"https:\/\/lospoliticosveracruz.com.mx\/?p=76200","title":{"rendered":"Felipe Gone Rodr\u00edguez, mi amigo"},"content":{"rendered":"\n<p><strong>Uriel Flores Aguayo<\/strong><\/p>\n\n\n\n<p>Conoc\u00ed a Felipe, hace unos treinta a\u00f1os. Coincidimos en los pasos iniciales del prometedor Partido de la Revoluci\u00f3n Democr\u00e1tica. Desde el inicio de ese novedoso proyecto nos fuimos agrupando por similitud de visi\u00f3n, ideas, pr\u00e1ctica pol\u00edtica y profesional. Nos reun\u00edamos en Alamo, su tierra natal, cuando \u00edbamos de paso m\u00e1s al norte del Estado, a comer los famosos pollos a la diabla y a tomar caf\u00e9 con pan; tambi\u00e9n nos alcanzaba en Tuxpam, siempre que and\u00e1bamos por all\u00e1. Pas\u00f3 temporadas extensas en Xalapa, donde hac\u00eda base para moverse a lugares cercanos como Huatusco y Jalacingo, donde cumpli\u00f3 con serios trabajos. Estuvo aqu\u00ed con nosotros en varias campa\u00f1as electorales, especialmente en la federal del 2012; adem\u00e1s que era participe de las gestiones sociales que nos definen. M\u00e1s all\u00e1 de la pol\u00edtica nuestra relaci\u00f3n era amistosa, en grado de fraternidad como suele ser entre quienes venimos levantando banderas justicieras desde hace muchos a\u00f1os.<\/p>\n\n\n\n<div class=\"wp-block-image\"><figure class=\"alignleft size-large is-resized\"><a href=\"http:\/\/www.lospoliticosveracruz.com.mx\/wp-content\/uploads\/2021\/06\/Musicos.png\"><img loading=\"lazy\" decoding=\"async\" src=\"http:\/\/www.lospoliticosveracruz.com.mx\/wp-content\/uploads\/2021\/06\/Musicos.png\" alt=\"\" class=\"wp-image-76033\" width=\"389\" height=\"233\"\/><\/a><\/figure><\/div>\n\n\n\n<p><br>Felipe, era profesional del derecho, lo ejerc\u00eda, siendo apreciado por su comunidad al tener una postura \u00e9tica y solidaria. Fue edil un par de veces en el Ayuntamiento de su municipio, adquiriendo amplia experiencia administrativa. Fue l\u00edder pol\u00edtico, aut\u00e9ntico impulsor de grupos con cierta orientaci\u00f3n ideol\u00f3gica, cuando eso era posible. Siempre me llam\u00f3 la atenci\u00f3n que Felipe, fuera una gente de ideas y lecturas en un medio \u00e1spero. Se mov\u00eda como pez en el agua a la hora de exigir los derechos ciudadanos. Sin duda ten\u00eda un protagonismo positivo en la vida p\u00fablica de su municipio.<br>Su lealtad era a prueba de todo, su compromiso colectivo tambi\u00e9n. Para Felipe, la amistad era sagrada. En mil ocasiones se demostr\u00f3. Para m\u00ed y mucha gente era una buena persona, de calidad humana; no perfecto, como nadie lo es, tampoco exento de errores. Pero solidario, humanista, y hospitalario. Su emoci\u00f3n al recibirnos en su tierra era evidente, buscando los lugares propicios para comer y platicar hasta el anochecer; platicar de asuntos nacionales, de las coincidencias y diferencias, siempre con lucidez y respeto.<\/p>\n\n\n\n<div class=\"wp-block-image\"><figure class=\"alignleft size-large is-resized\"><a href=\"http:\/\/www.lospoliticosveracruz.com.mx\/wp-content\/uploads\/2021\/06\/Rostros.png\"><img loading=\"lazy\" decoding=\"async\" src=\"http:\/\/www.lospoliticosveracruz.com.mx\/wp-content\/uploads\/2021\/06\/Rostros.png\" alt=\"\" class=\"wp-image-76034\" width=\"389\" height=\"233\"\/><\/a><\/figure><\/div>\n\n\n\n<p><br>Ese Felipe, mi amigo, fue asesinado el s\u00e1bado pasado de forma cruel y repentina como son los cr\u00edmenes. No tuvo forma de defenderse, lo atacaron cobardemente. Su muerte se rodea de impunidad desde los hechos mismos, ocurridos en lugar p\u00fablico y a la luz del d\u00eda. Se llev\u00f3 a la tumba, si acaso lo supo, las razones de su ejecuci\u00f3n. Se pide justicia por reacci\u00f3n elemental sabiendo que esas zonas no tienen ley y viven al margen del Estado de Derecho. Recibir una informaci\u00f3n de esas sacude fuerte, lo arroja a uno al abismo. Saber del atentado es la peor noticia en a\u00f1os, deprime. Es duro tomar conciencia de que no se volver\u00e1 a ver al amigo, que sus compa\u00f1eros y familiares sufren. No verlo no es olvidarlo, al contrario, su recuerdo lo mantendr\u00e1 entre nosotros de alguna manera.<br>Amigo, compa\u00f1ero Felipe Gon\u00e9 como lo llam\u00e1bamos, vuela alto, tanto que nos veas desde las alturas, y ve organizando los lugares del cielo para cuando te alcancemos. Descansa en paz.<\/p>\n\n\n\n<p>Recadito: elecciones van y vienen pero la realidad camina por otro lado,<br>ufa.1959@gmail.com<\/p>\n","protected":false},"excerpt":{"rendered":"<p>Uriel Flores Aguayo Conoc\u00ed a Felipe, hace unos treinta a\u00f1os. Coincidimos en los pasos iniciales del prometedor Partido de la Revoluci\u00f3n Democr\u00e1tica. Desde el inicio de ese novedoso proyecto nos fuimos agrupando por similitud de visi\u00f3n, ideas, pr\u00e1ctica pol\u00edtica y profesional. Nos reun\u00edamos en Alamo, su tierra natal, cuando \u00edbamos de paso m\u00e1s al norte [&hellip;]<\/p>\n","protected":false},"author":2,"featured_media":0,"comment_status":"closed","ping_status":"closed","sticky":false,"template":"","format":"standard","meta":{"_jetpack_newsletter_access":"","_jetpack_dont_email_post_to_subs":false,"_jetpack_newsletter_tier_id":0,"_jetpack_memberships_contains_paywalled_content":false,"_jetpack_memberships_contains_paid_content":false,"footnotes":""},"categories":[70],"tags":[19211,29168,1048,2552,96],"class_list":["post-76200","post","type-post","status-publish","format-standard","hentry","category-de-opinion","tag-ejecucion","tag-felipe-gone-rodriguez","tag-justicia","tag-uriel-flores-aguayo","tag-xalapa"],"jetpack_featured_media_url":"","jetpack_sharing_enabled":true,"jetpack_shortlink":"https:\/\/wp.me\/p4Qcd3-jP2","_links":{"self":[{"href":"https:\/\/lospoliticosveracruz.com.mx\/index.php?rest_route=\/wp\/v2\/posts\/76200","targetHints":{"allow":["GET"]}}],"collection":[{"href":"https:\/\/lospoliticosveracruz.com.mx\/index.php?rest_route=\/wp\/v2\/posts"}],"about":[{"href":"https:\/\/lospoliticosveracruz.com.mx\/index.php?rest_route=\/wp\/v2\/types\/post"}],"author":[{"embeddable":true,"href":"https:\/\/lospoliticosveracruz.com.mx\/index.php?rest_route=\/wp\/v2\/users\/2"}],"replies":[{"embeddable":true,"href":"https:\/\/lospoliticosveracruz.com.mx\/index.php?rest_route=%2Fwp%2Fv2%2Fcomments&post=76200"}],"version-history":[{"count":1,"href":"https:\/\/lospoliticosveracruz.com.mx\/index.php?rest_route=\/wp\/v2\/posts\/76200\/revisions"}],"predecessor-version":[{"id":76202,"href":"https:\/\/lospoliticosveracruz.com.mx\/index.php?rest_route=\/wp\/v2\/posts\/76200\/revisions\/76202"}],"wp:attachment":[{"href":"https:\/\/lospoliticosveracruz.com.mx\/index.php?rest_route=%2Fwp%2Fv2%2Fmedia&parent=76200"}],"wp:term":[{"taxonomy":"category","embeddable":true,"href":"https:\/\/lospoliticosveracruz.com.mx\/index.php?rest_route=%2Fwp%2Fv2%2Fcategories&post=76200"},{"taxonomy":"post_tag","embeddable":true,"href":"https:\/\/lospoliticosveracruz.com.mx\/index.php?rest_route=%2Fwp%2Fv2%2Ftags&post=76200"}],"curies":[{"name":"wp","href":"https:\/\/api.w.org\/{rel}","templated":true}]}}