{"id":76403,"date":"2021-07-07T08:41:03","date_gmt":"2021-07-07T13:41:03","guid":{"rendered":"http:\/\/www.lospoliticosveracruz.com.mx\/?p=76403"},"modified":"2021-07-07T08:50:10","modified_gmt":"2021-07-07T13:50:10","slug":"mente-brillante","status":"publish","type":"post","link":"https:\/\/lospoliticosveracruz.com.mx\/?p=76403","title":{"rendered":"Mente brillante!"},"content":{"rendered":"\n<div class=\"wp-block-image\"><figure class=\"alignleft size-large is-resized\"><a href=\"http:\/\/www.lospoliticosveracruz.com.mx\/wp-content\/uploads\/2021\/07\/Cordoba1.jpeg\"><img loading=\"lazy\" decoding=\"async\" src=\"http:\/\/www.lospoliticosveracruz.com.mx\/wp-content\/uploads\/2021\/07\/Cordoba1.jpeg\" alt=\"\" class=\"wp-image-76334\" width=\"225\" height=\"450\"\/><\/a><\/figure><\/div>\n\n\n\n<p><strong>Coatzacoalcos<br><\/strong>Una vez m\u00e1s, Coatzacoalcos es tendencia, luego de que Jos\u00e9 Luis Granja Guzm\u00e1n, alumno de la escuela Centro de Estudios Superiores Carlos A.Carrillo, logr\u00f3 el primer lugar en su examen a la Universidad Veracruzana (UV), en la facultad de ingenier\u00eda qu\u00edmica campus Coatzacoalcos en la modalidad de escolarizado.<br>A trav\u00e9s de su red social, as\u00ed lo di\u00f3 a conocer ese centro educativo:<br>\u00abFelicitamos a Jos\u00e9 Luis Granja Guzm\u00e1n egresado de nuestra casa de estudios, qui\u00e9n esta con derecho a inscripci\u00f3n en la Universidad Veracruzana.<br>Enhorabuena te deseamos que sigas cosechando muchos \u00e9xitos en esta nueva etapa.<\/p>\n","protected":false},"excerpt":{"rendered":"<p>CoatzacoalcosUna vez m\u00e1s, Coatzacoalcos es tendencia, luego de que Jos\u00e9 Luis Granja Guzm\u00e1n, alumno de la escuela Centro de Estudios Superiores Carlos A.Carrillo, logr\u00f3 el primer lugar en su examen a la Universidad Veracruzana (UV), en la facultad de ingenier\u00eda qu\u00edmica campus Coatzacoalcos en la modalidad de escolarizado.A trav\u00e9s de su red social, as\u00ed lo [&hellip;]<\/p>\n","protected":false},"author":2,"featured_media":0,"comment_status":"closed","ping_status":"closed","sticky":false,"template":"","format":"standard","meta":{"_jetpack_newsletter_access":"","_jetpack_dont_email_post_to_subs":false,"_jetpack_newsletter_tier_id":0,"_jetpack_memberships_contains_paywalled_content":false,"_jetpack_memberships_contains_paid_content":false,"footnotes":""},"categories":[6446],"tags":[371,29260,29259,219,172],"class_list":["post-76403","post","type-post","status-publish","format-standard","hentry","category-la-nota","tag-coatzacoalcos","tag-ingenieria-quimica","tag-jose-luis-granja-guzman","tag-universidad-veracruzana","tag-uv"],"jetpack_featured_media_url":"","jetpack_sharing_enabled":true,"jetpack_shortlink":"https:\/\/wp.me\/p4Qcd3-jSj","_links":{"self":[{"href":"https:\/\/lospoliticosveracruz.com.mx\/index.php?rest_route=\/wp\/v2\/posts\/76403","targetHints":{"allow":["GET"]}}],"collection":[{"href":"https:\/\/lospoliticosveracruz.com.mx\/index.php?rest_route=\/wp\/v2\/posts"}],"about":[{"href":"https:\/\/lospoliticosveracruz.com.mx\/index.php?rest_route=\/wp\/v2\/types\/post"}],"author":[{"embeddable":true,"href":"https:\/\/lospoliticosveracruz.com.mx\/index.php?rest_route=\/wp\/v2\/users\/2"}],"replies":[{"embeddable":true,"href":"https:\/\/lospoliticosveracruz.com.mx\/index.php?rest_route=%2Fwp%2Fv2%2Fcomments&post=76403"}],"version-history":[{"count":1,"href":"https:\/\/lospoliticosveracruz.com.mx\/index.php?rest_route=\/wp\/v2\/posts\/76403\/revisions"}],"predecessor-version":[{"id":76405,"href":"https:\/\/lospoliticosveracruz.com.mx\/index.php?rest_route=\/wp\/v2\/posts\/76403\/revisions\/76405"}],"wp:attachment":[{"href":"https:\/\/lospoliticosveracruz.com.mx\/index.php?rest_route=%2Fwp%2Fv2%2Fmedia&parent=76403"}],"wp:term":[{"taxonomy":"category","embeddable":true,"href":"https:\/\/lospoliticosveracruz.com.mx\/index.php?rest_route=%2Fwp%2Fv2%2Fcategories&post=76403"},{"taxonomy":"post_tag","embeddable":true,"href":"https:\/\/lospoliticosveracruz.com.mx\/index.php?rest_route=%2Fwp%2Fv2%2Ftags&post=76403"}],"curies":[{"name":"wp","href":"https:\/\/api.w.org\/{rel}","templated":true}]}}