{"id":76411,"date":"2021-07-07T11:32:17","date_gmt":"2021-07-07T16:32:17","guid":{"rendered":"http:\/\/www.lospoliticosveracruz.com.mx\/?p=76411"},"modified":"2021-07-07T11:32:22","modified_gmt":"2021-07-07T16:32:22","slug":"hace-ochos-anos","status":"publish","type":"post","link":"https:\/\/lospoliticosveracruz.com.mx\/?p=76411","title":{"rendered":"Hace ochos a\u00f1os"},"content":{"rendered":"\n<p><strong>Sergio Gonz\u00e1lez Levet<\/strong><\/p>\n\n\n\n<p><em>Sin tacto UV<\/em><\/p>\n\n\n\n<p>Julio y agosto de 2013 fueron meses de un intenso movimiento pol\u00edtico en la UV, que desemboc\u00f3 en la sorpresiva designaci\u00f3n de la primera mujer Rectora de la instituci\u00f3n, que signific\u00f3 una agradable sorpresa para la comunidad universitaria; sorpresa que termin\u00f3 en decepci\u00f3n, pero esa es otra historia.<br>En el proceso de designaci\u00f3n de hace ocho a\u00f1os se enfrentaron los dos rectores de la UV nombrados en el periodo de la autonom\u00eda universitaria. Por un lado, Ra\u00fal Arias, Rector en funciones mostraba simpat\u00eda por su Secretario Acad\u00e9mico, Porfirio Carrillo, para ocupar la Rector\u00eda. Por el otro, V\u00edctor Arredondo, quien hab\u00eda impulsado a Ra\u00fal Arias cuando lleg\u00f3 a Rector, nueve a\u00f1os despu\u00e9s quer\u00eda regresar a ocupar la silla por tercera ocasi\u00f3n.<br>El 16 de agosto de 2013 apareci\u00f3 el comunicado que dej\u00f3 fuera a la mitad de los aspirantes a Rector y entre los reprobados iba V\u00edctor Arredondo. Una semana despu\u00e9s, la sede para el \u00faltimo informe de labores de Ra\u00fal fue tomada por enmascarados que protestaban contra un miembro de la Junta de Gobierno, el ex rector de la UNAM Jos\u00e9 Sarukh\u00e1n. Se rumor\u00f3 que esa protesta fue orquestada por el gobierno estatal en venganza por la expulsi\u00f3n de V\u00edctor, a quien por gusto o por la fuerza apoyaba Javier Duarte.<br>Esa toma de la sede del informe signific\u00f3 que decenas de asistentes que llegaron temprano a la ceremonia fueran secuestrados durante cinco o seis horas. Entre las retenidas estuvieron Leticia Rodr\u00edguez, entonces Secretaria de la Rector\u00eda, y la directora del Museo de Antropolog\u00eda, que una semana m\u00e1s tarde se convirti\u00f3 en Rectora.<br>(Raymundo Jim\u00e9nez hizo una excelente narraci\u00f3n de ese suceso, que se puede leer en http:\/\/referente.com.mx\/ex-rectores-porros\/ ).<br>Cuatro a\u00f1os despu\u00e9s, en 2017, Arias y Arredondo se unieron para impulsar a Jorge Manzo en contra de Sarita Ladr\u00f3n de Guevara, quien finalmente logr\u00f3 repetir. Ahora no se sabe qu\u00e9 camino estar\u00e1n tomando los patriarcas en su oto\u00f1o e invierno respectivamente. Uno poco y otro mucho, pero los dos podr\u00edan tener ganas de competir. Sin embargo, est\u00e1n limitados por la edad, pues rebasan los 65 a\u00f1os que marca la Ley Org\u00e1nica, por lo que se suman a la lista de aspiracioncitas de la tercera edad que apareci\u00f3 en esta columna hace unos d\u00edas.<br>Arias posiblemente est\u00e1 apoyando a su viejo amigo Rafael Vela, quien le coordin\u00f3 la campa\u00f1a a alcalde de Xalapa, o a su ex colaboradora Beatriz Lira, o a su gallo de hace cuatro a\u00f1os, Jorge Manzo, en torno a quien se aglutina la mayor\u00eda del raulismo, pero p\u00fablicamente no se ha pronunciado.<br>Arredondo lleva dos art\u00edculos de una serie que no se sabe cu\u00e1ndo terminar\u00e1, que aparece semanalmente en Al calor pol\u00edtico, con reflexiones sobre educaci\u00f3n superior, y que tienen ambas un colof\u00f3n propagand\u00edstico sobre la necesidad de que el futuro Rector (no ha dicho, \u00abo rectora\u00bb) sea un experto en educaci\u00f3n superior. Es decir, que pretende tener a sus lectores en vilo para en su momento destapar al bueno, costumbre de su vieja escuela priista.<br>En fin, tienen derecho de opinar. Uno mucho y otro poco saben que est\u00e1n en su papel y recuerdan que su retrato est\u00e1 en la antesala de la Rector\u00eda. Ellos ya fueron y deber\u00e1n sentarse a esperar que las cosas pasen, pues sus tiempos de penas y glorias quedaron atr\u00e1s.<br>Y ac\u00e1 en la UV el proceso de designaci\u00f3n sigue su marcha, con otros referentes.<\/p>\n\n\n\n<p>sglevet@gmail.com<\/p>\n","protected":false},"excerpt":{"rendered":"<p>Sergio Gonz\u00e1lez Levet Sin tacto UV Julio y agosto de 2013 fueron meses de un intenso movimiento pol\u00edtico en la UV, que desemboc\u00f3 en la sorpresiva designaci\u00f3n de la primera mujer Rectora de la instituci\u00f3n, que signific\u00f3 una agradable sorpresa para la comunidad universitaria; sorpresa que termin\u00f3 en decepci\u00f3n, pero esa es otra historia.En el [&hellip;]<\/p>\n","protected":false},"author":2,"featured_media":0,"comment_status":"closed","ping_status":"closed","sticky":false,"template":"","format":"standard","meta":{"_jetpack_newsletter_access":"","_jetpack_dont_email_post_to_subs":false,"_jetpack_newsletter_tier_id":0,"_jetpack_memberships_contains_paywalled_content":false,"_jetpack_memberships_contains_paid_content":false,"footnotes":""},"categories":[70],"tags":[29262,29263,8167,172],"class_list":["post-76411","post","type-post","status-publish","format-standard","hentry","category-de-opinion","tag-movimiento-politico","tag-proceso-de-designacion","tag-rectoria","tag-uv"],"jetpack_featured_media_url":"","jetpack_sharing_enabled":true,"jetpack_shortlink":"https:\/\/wp.me\/p4Qcd3-jSr","_links":{"self":[{"href":"https:\/\/lospoliticosveracruz.com.mx\/index.php?rest_route=\/wp\/v2\/posts\/76411","targetHints":{"allow":["GET"]}}],"collection":[{"href":"https:\/\/lospoliticosveracruz.com.mx\/index.php?rest_route=\/wp\/v2\/posts"}],"about":[{"href":"https:\/\/lospoliticosveracruz.com.mx\/index.php?rest_route=\/wp\/v2\/types\/post"}],"author":[{"embeddable":true,"href":"https:\/\/lospoliticosveracruz.com.mx\/index.php?rest_route=\/wp\/v2\/users\/2"}],"replies":[{"embeddable":true,"href":"https:\/\/lospoliticosveracruz.com.mx\/index.php?rest_route=%2Fwp%2Fv2%2Fcomments&post=76411"}],"version-history":[{"count":1,"href":"https:\/\/lospoliticosveracruz.com.mx\/index.php?rest_route=\/wp\/v2\/posts\/76411\/revisions"}],"predecessor-version":[{"id":76413,"href":"https:\/\/lospoliticosveracruz.com.mx\/index.php?rest_route=\/wp\/v2\/posts\/76411\/revisions\/76413"}],"wp:attachment":[{"href":"https:\/\/lospoliticosveracruz.com.mx\/index.php?rest_route=%2Fwp%2Fv2%2Fmedia&parent=76411"}],"wp:term":[{"taxonomy":"category","embeddable":true,"href":"https:\/\/lospoliticosveracruz.com.mx\/index.php?rest_route=%2Fwp%2Fv2%2Fcategories&post=76411"},{"taxonomy":"post_tag","embeddable":true,"href":"https:\/\/lospoliticosveracruz.com.mx\/index.php?rest_route=%2Fwp%2Fv2%2Ftags&post=76411"}],"curies":[{"name":"wp","href":"https:\/\/api.w.org\/{rel}","templated":true}]}}