{"id":76711,"date":"2021-07-13T13:45:24","date_gmt":"2021-07-13T18:45:24","guid":{"rendered":"http:\/\/www.lospoliticosveracruz.com.mx\/?p=76711"},"modified":"2021-07-13T13:45:28","modified_gmt":"2021-07-13T18:45:28","slug":"sigue-crisis-economica-mas-pobreza","status":"publish","type":"post","link":"https:\/\/lospoliticosveracruz.com.mx\/?p=76711","title":{"rendered":"Sigue crisis econ\u00f3mica\u2026 m\u00e1s pobreza"},"content":{"rendered":"\n<p><strong>Rafael Arias Hern\u00e1ndez<\/strong><\/p>\n\n\n\n<p><em>Mutatis mutandis<br><\/em><\/p>\n\n\n\n<p>Irresponsable e injusto ignorar, minimizar o encubrir la gravedad de las limitaciones y sacrificios a los que se enfrentan, cada vez m\u00e1s millones y millones de personas. Se habla de m\u00e1s de 60 millones de mexicanos en pobreza.<\/p>\n\n\n\n<div class=\"wp-block-image\"><figure class=\"alignleft size-large is-resized\"><a href=\"http:\/\/www.lospoliticosveracruz.com.mx\/wp-content\/uploads\/2021\/07\/BC303C53-5B1B-41DB-83A8-F91CDDBACA76.jpeg\"><img loading=\"lazy\" decoding=\"async\" src=\"http:\/\/www.lospoliticosveracruz.com.mx\/wp-content\/uploads\/2021\/07\/BC303C53-5B1B-41DB-83A8-F91CDDBACA76.jpeg\" alt=\"\" class=\"wp-image-76619\" width=\"233\" height=\"389\"\/><\/a><\/figure><\/div>\n\n\n\n<p><br>Bien se sabe y padece, que en M\u00e9xico, la problem\u00e1tica no es nueva, tiene viejas y nuevas complicaciones, complicadas y agravadas por un \u00e1mbito internacional, tambi\u00e9n en abundantes aprietos y dificultades; y, desde luego por gobiernos incapaces de atender dicha problem\u00e1tica.<br>Es notorio que a las anunciadas y persistentes crisis de los sectores de salud y seguridad p\u00fablica, se suman muchas otras.<br>El caso es que, sin duda alguna, hambre y pobreza siguen en aumento; y desde luego, preciso considerar otras prioritarias, como falta de agua, y persistencia de ineficiencia y delincuencia gubernamental.<br>Todas ponen en evidencia, insuficiencias y limitaciones del sector p\u00fablico; y tambi\u00e9n, exhiben desinter\u00e9s, pasividad y la poca o nula participaci\u00f3n y evaluaci\u00f3n ciudadana y social.<br>Es urgente que los gobiernos federal, estatal y municipal asuman sus responsabilidades ante la nueva realidad; y que para empezar, atiendan de inmediato la creciente complicaci\u00f3n de los problemas econ\u00f3micos y financieros, as\u00ed como los ambientales y sociales.<br>La Econom\u00eda no puede ignorarse, ni atenderse con m\u00e1s de lo mismo. La sociedad, las personas exigen atenci\u00f3n y buenos resultados.<br>Los hechos, muestran mucho de lo padecido pero no aprendido; y tambi\u00e9n, precisan lo que se pierde y no se recupera; as\u00ed como la persistente repetici\u00f3n de promesas y compromisos a incumplirse, que termina casi siempre en recurrentes excusas y pretextos.<br><\/p>\n\n\n\n<p><strong>NO MAS FUNAMBULISMO ECONOMICO.<br><\/strong>Las condiciones actuales exigen, atender cuando menos cuatro aspectos importantes y determinantes de la estrategia econ\u00f3mica, a seguir.<br>Empezar por definir la caracterizaci\u00f3n del contexto actual, muy diferente y particular respecto a otros, considerados en el pasado tanto en la pr\u00e1ctica, como en la teor\u00eda. La situaci\u00f3n actual es diferente; sus condiciones, llenas de cambios y ajustes.<br>Enseguida, asegurar la elaboraci\u00f3n y presentaci\u00f3n del diagn\u00f3stico correspondiente al o los problemas que se quieren atender y resolver. No se puede resolver lo que se ignora, ni atender bien lo que mal se conoce.<br>Un tercer aspecto se refiere, a la presentaci\u00f3n de la estrategia econ\u00f3mica y financiera, seleccionada y fundamentada, debe ser viable y pertinente.<br>Y el cuarto, las acciones de soluci\u00f3n, que deben asegurarse con m\u00e1s y mejor participaci\u00f3n y evaluaci\u00f3n ciudadana y social<br>Insistir siempre, que es obligatorio conocer lo que se quiere atender y resolver. Estamos y padecemos crisis que no hemos podido superar y se agrava. Aunque sin duda se hacen esfuerzos, que muestran algunos logros y avances; es indiscutible que todav\u00eda falta mucho por hacer, y m\u00e1s que resolver y superar.<\/p>\n\n\n\n<div class=\"wp-block-image\"><figure class=\"alignleft size-large is-resized\"><a href=\"http:\/\/www.lospoliticosveracruz.com.mx\/wp-content\/uploads\/2021\/07\/924BE8BF-C140-4F7C-9107-DD5A92720E81.jpeg\"><img loading=\"lazy\" decoding=\"async\" src=\"http:\/\/www.lospoliticosveracruz.com.mx\/wp-content\/uploads\/2021\/07\/924BE8BF-C140-4F7C-9107-DD5A92720E81.jpeg\" alt=\"\" class=\"wp-image-76620\" width=\"233\" height=\"389\"\/><\/a><\/figure><\/div>\n\n\n\n<p><br>En todo caso, insistir en que se deben considerar intensidad y magnitud de los cambios ocasionados en la econom\u00eda y sus mercados.<br>En muchos casos, ya est\u00e1 claro, que no se regresar\u00e1 a las mismas condiciones de antes, ya que producci\u00f3n e intercambio de bienes y servicios han sido alterados, transformados o sustituidos.<br>Ante esto y m\u00e1s, habr\u00e1 que disponer de una actitud m\u00e1s abierta y comprensiva, de di\u00e1logo y debate; y de m\u00e1s y mejores conocimientos y capacidad para llevarlos a la pr\u00e1ctica. Ignorancia e incapacidad no son soluci\u00f3n.<br>Habr\u00e1 que continuar con ajustes, o volver empezar; para ello hay que replantear los problemas, ante esa nueva realidad y perspectivas. Pensar y repensar, fortalecer y replantear. Superar la afectaci\u00f3n y aprovechar oportunidades. Administrar el desastre y dar paso a creatividad e innovaci\u00f3n.<br>Insistir, en la coordinaci\u00f3n y unificaci\u00f3n de esfuerzos: y tambi\u00e9n advertir, que si persisten enfrentamiento, agresi\u00f3n y violencia va a ser m\u00e1s dif\u00edcil, casi imposible atender y garantizar estabilidad, paz p\u00fablica y salud; imprescindible tambi\u00e9n, asegurar econom\u00eda y finanzas crecientes. Salir de las crisis exige coordinar voluntades, integrar esfuerzos y obtener buenos resultados.<br>Bien se ha dicho y repetido. Enfrentarla, \u00abconvencidos y unidos, o divididos y vencidos\u00bb.<br>Oportuno tener siempre presentes, los importantes aspectos econ\u00f3micos y financieros.<br>Venimos de un estancamiento y casi ca\u00edda del PIB, de 0.1%, en 2019, caracterizado por decrecimiento de la inversi\u00f3n p\u00fablica y desaceleraci\u00f3n del consumo. Pasamos a fuerte contracci\u00f3n econ\u00f3mica, ya que en 2020, nos hicimos m\u00e1s pobres y hambrientos. La inversi\u00f3n privada est\u00e1 presente e intenta ser creciente; mientras la inversi\u00f3n p\u00fablica es m\u00ednima y decreciente.<br>As\u00ed, es imprescindible generar y fortalecer, apoyo y creaci\u00f3n de empleos formales e informales, que aseguren los ingresos y prestaciones suficientes, para atender las necesidades b\u00e1sicas. Todav\u00eda no se recuperan los empleos formales perdidos en 2020, faltan m\u00e1s de 620 mil, para llegar a los 20.8 millones que en noviembre de 2019 registro el IMSS. M\u00e1s los cientos de miles que no se han creado, ante la incorporaci\u00f3n de poblaci\u00f3n creciente. Se habla que faltan m\u00e1s de 2 millones de empleos formales.<br>Esto obliga, a dar tambi\u00e9n, la debida atenci\u00f3n al inocultable problema de la inflaci\u00f3n presente y creciente.<br>Inocultable, la presi\u00f3n inflacionaria es alta, por diversos motivos que van desde efectos de la sequ\u00eda; aumento de precios de combustibles, como el gas; afectaciones en la capacidad de distribuci\u00f3n; incremento de demanda por resurgimiento de movilidad social y otros m\u00e1s.<br>Para junio de 2021, seg\u00fan INEGI, indicadores muestran que el pa\u00eds padece una inflaci\u00f3n creciente. Esto es, 31 de los 32 estados del pa\u00eds rebasaron el objetivo inflacionario del Banco de M\u00e9xico (Banxico), que es de 3% +\/-1 punto porcentual. Veracruz tuvo 5.80%.<br>Solo Tabasco quedo por abajo, con 3.85%.<br>Incluso, cinco registraron cifras porcentuales r\u00e9cord, en su nivel de inflaci\u00f3n anual: Ciudad de M\u00e9xico (5.53), Nuevo Le\u00f3n (5.30), Jalisco (6.70), Puebla (6.69) y Tlaxcala (6.83).<br>\u00abPor entidad, los mayores incrementos anuales en los precios al consumidor durante junio se registraron en Zacatecas (7.74% anual), Coahuila (6.93%) y Baja California (6.84%), mientras las tasas m\u00e1s bajas fueron en Morelos (5.07%), Quintana Roo (4.40%) y Tabasco (3.85 %)\u00bb. (El Economista. 120721)<br>Urge entender y atender bien la Econom\u00eda. .. o padecer da\u00f1os y consecuencias.<\/p>\n\n\n\n<p>-Academico.IIESESUV @RafaelAriasH,Facebook:VeracruzHoydeRafaelAriasH<\/p>\n","protected":false},"excerpt":{"rendered":"<p>Rafael Arias Hern\u00e1ndez Mutatis mutandis Irresponsable e injusto ignorar, minimizar o encubrir la gravedad de las limitaciones y sacrificios a los que se enfrentan, cada vez m\u00e1s millones y millones de personas. Se habla de m\u00e1s de 60 millones de mexicanos en pobreza. Bien se sabe y padece, que en M\u00e9xico, la problem\u00e1tica no es [&hellip;]<\/p>\n","protected":false},"author":2,"featured_media":0,"comment_status":"closed","ping_status":"closed","sticky":false,"template":"","format":"standard","meta":{"_jetpack_newsletter_access":"","_jetpack_dont_email_post_to_subs":false,"_jetpack_newsletter_tier_id":0,"_jetpack_memberships_contains_paywalled_content":false,"_jetpack_memberships_contains_paid_content":false,"footnotes":""},"categories":[70],"tags":[29374,6748,2228,3624,1208,178,97,8032],"class_list":["post-76711","post","type-post","status-publish","format-standard","hentry","category-de-opinion","tag-contraccion-economica","tag-crisis-economica","tag-economia","tag-empleos","tag-imss","tag-inegi","tag-pobreza","tag-rafael-arias-hernandez"],"jetpack_featured_media_url":"","jetpack_sharing_enabled":true,"jetpack_shortlink":"https:\/\/wp.me\/p4Qcd3-jXh","_links":{"self":[{"href":"https:\/\/lospoliticosveracruz.com.mx\/index.php?rest_route=\/wp\/v2\/posts\/76711","targetHints":{"allow":["GET"]}}],"collection":[{"href":"https:\/\/lospoliticosveracruz.com.mx\/index.php?rest_route=\/wp\/v2\/posts"}],"about":[{"href":"https:\/\/lospoliticosveracruz.com.mx\/index.php?rest_route=\/wp\/v2\/types\/post"}],"author":[{"embeddable":true,"href":"https:\/\/lospoliticosveracruz.com.mx\/index.php?rest_route=\/wp\/v2\/users\/2"}],"replies":[{"embeddable":true,"href":"https:\/\/lospoliticosveracruz.com.mx\/index.php?rest_route=%2Fwp%2Fv2%2Fcomments&post=76711"}],"version-history":[{"count":1,"href":"https:\/\/lospoliticosveracruz.com.mx\/index.php?rest_route=\/wp\/v2\/posts\/76711\/revisions"}],"predecessor-version":[{"id":76712,"href":"https:\/\/lospoliticosveracruz.com.mx\/index.php?rest_route=\/wp\/v2\/posts\/76711\/revisions\/76712"}],"wp:attachment":[{"href":"https:\/\/lospoliticosveracruz.com.mx\/index.php?rest_route=%2Fwp%2Fv2%2Fmedia&parent=76711"}],"wp:term":[{"taxonomy":"category","embeddable":true,"href":"https:\/\/lospoliticosveracruz.com.mx\/index.php?rest_route=%2Fwp%2Fv2%2Fcategories&post=76711"},{"taxonomy":"post_tag","embeddable":true,"href":"https:\/\/lospoliticosveracruz.com.mx\/index.php?rest_route=%2Fwp%2Fv2%2Ftags&post=76711"}],"curies":[{"name":"wp","href":"https:\/\/api.w.org\/{rel}","templated":true}]}}