{"id":76713,"date":"2021-07-13T17:27:19","date_gmt":"2021-07-13T22:27:19","guid":{"rendered":"http:\/\/www.lospoliticosveracruz.com.mx\/?p=76713"},"modified":"2021-07-13T19:08:22","modified_gmt":"2021-07-14T00:08:22","slug":"la-escuela-es-nuestra-mendiola","status":"publish","type":"post","link":"https:\/\/lospoliticosveracruz.com.mx\/?p=76713","title":{"rendered":"La Escuela es Nuestra: Mendiola"},"content":{"rendered":"\n<p><strong>Coatepec<\/strong><br>Padres de familia de la Secundaria General \u201cIgnacio de la Llave\u201d de Coatepec manifestaron su preocupaci\u00f3n por lograr un adecuado mantenimiento del plantel, pues \u201cs\u00f3lo con la cooperaci\u00f3n y participaci\u00f3n conjunta de padres de familia se podr\u00e1 mantener en buen estado la escuela\u201d.<\/p>\n\n\n\n<div class=\"wp-block-image\"><figure class=\"alignleft size-large is-resized\"><a href=\"http:\/\/www.lospoliticosveracruz.com.mx\/wp-content\/uploads\/2021\/07\/BC303C53-5B1B-41DB-83A8-F91CDDBACA76.jpeg\"><img loading=\"lazy\" decoding=\"async\" src=\"http:\/\/www.lospoliticosveracruz.com.mx\/wp-content\/uploads\/2021\/07\/BC303C53-5B1B-41DB-83A8-F91CDDBACA76.jpeg\" alt=\"\" class=\"wp-image-76619\" width=\"233\" height=\"389\"\/><\/a><\/figure><\/div>\n\n\n\n<p><br>Fue el presidente de la Asociaci\u00f3n de Padres de Familia, Mart\u00edn Mendiola, quien expres\u00f3 que gracias al apoyo del Gobierno Federal con el Programa \u201cLa Escuela Es Nuestra\u201d es que se pudo lograr un gran avance en la reparaci\u00f3n del plantel este a\u00f1o.<br>\u201cPudimos reparar el sistema el\u00e9ctrico, construir completamente nuevo el drenaje sanitario y drenaje pluvial y por fin, se pudo reparar a conciencia la cisterna, el tanque elevado y logramos que nuevamente funcionara la bomba, los ba\u00f1os quedaron pr\u00e1cticamente nuevos\u201d.<br>Al referir que la ausencia de los alumnos en el plantel provoca el abandono tambi\u00e9n de muchos padres de familia, el representante de la Asociaci\u00f3n de Padres, dijo confiar que en pr\u00f3ximas fechas el resto de padres, madres y tutores del plantel ahora s\u00ed participe, \u201cesperamos que cooperen para poder dar mantenimiento a nuestra escuela\u201d.<br>\u201cVemos con preocupaci\u00f3n c\u00f3mo otros planteles se est\u00e1n cayendo a pedazos, no queremos que eso nos ocurra aqu\u00ed, pero la falta de los alumnos y la falta de apoyo de muchos padres de familia, provoca que no se pueda dar el adecuado mantenimiento a los edificios, ojal\u00e1 que esto sea distinto\u201d.<br>\u201cHoy estamos presentando nuestro informe final de la aplicaci\u00f3n de los recursos del Programa \u201cLEN\u201d con un peri\u00f3dico mural, ahora, esperamos que el resto de padres de familia coopere en el pr\u00f3ximo ciclo para poder dar continuidad al mantenimiento de nuestra escuela, entiendo que son momentos dif\u00edciles, pero debemos atender las indicaciones de las autoridades sanitarias y escolares, no podemos arriesgar a los alumnos\u201d.<br>Finalmente, agradeci\u00f3 el apoyo de su director, el maestro Raul Mendoza Mart\u00ednez y dijo confiar que las autoridades educativas cooperen con permitir se reciban las aportaciones de los Padres en el pr\u00f3ximo ciclo escolar, pues \u00e9stos importes son lo \u00fanico que tenemos para dar mantenimiento a nuestro plantel.<\/p>\n","protected":false},"excerpt":{"rendered":"<p>CoatepecPadres de familia de la Secundaria General \u201cIgnacio de la Llave\u201d de Coatepec manifestaron su preocupaci\u00f3n por lograr un adecuado mantenimiento del plantel, pues \u201cs\u00f3lo con la cooperaci\u00f3n y participaci\u00f3n conjunta de padres de familia se podr\u00e1 mantener en buen estado la escuela\u201d. Fue el presidente de la Asociaci\u00f3n de Padres de Familia, Mart\u00edn Mendiola, [&hellip;]<\/p>\n","protected":false},"author":2,"featured_media":0,"comment_status":"closed","ping_status":"closed","sticky":false,"template":"","format":"standard","meta":{"_jetpack_newsletter_access":"","_jetpack_dont_email_post_to_subs":false,"_jetpack_newsletter_tier_id":0,"_jetpack_memberships_contains_paywalled_content":false,"_jetpack_memberships_contains_paid_content":false,"footnotes":""},"categories":[73],"tags":[277,19878,29377,29378,29375],"class_list":["post-76713","post","type-post","status-publish","format-standard","hentry","category-de-boleto","tag-coatepec","tag-la-escuela-es-nuestra","tag-martin-mendiola","tag-raul-mendoza-martinez","tag-secundaria-general-ignacio-de-la-llave"],"jetpack_featured_media_url":"","jetpack_sharing_enabled":true,"jetpack_shortlink":"https:\/\/wp.me\/p4Qcd3-jXj","_links":{"self":[{"href":"https:\/\/lospoliticosveracruz.com.mx\/index.php?rest_route=\/wp\/v2\/posts\/76713","targetHints":{"allow":["GET"]}}],"collection":[{"href":"https:\/\/lospoliticosveracruz.com.mx\/index.php?rest_route=\/wp\/v2\/posts"}],"about":[{"href":"https:\/\/lospoliticosveracruz.com.mx\/index.php?rest_route=\/wp\/v2\/types\/post"}],"author":[{"embeddable":true,"href":"https:\/\/lospoliticosveracruz.com.mx\/index.php?rest_route=\/wp\/v2\/users\/2"}],"replies":[{"embeddable":true,"href":"https:\/\/lospoliticosveracruz.com.mx\/index.php?rest_route=%2Fwp%2Fv2%2Fcomments&post=76713"}],"version-history":[{"count":2,"href":"https:\/\/lospoliticosveracruz.com.mx\/index.php?rest_route=\/wp\/v2\/posts\/76713\/revisions"}],"predecessor-version":[{"id":76722,"href":"https:\/\/lospoliticosveracruz.com.mx\/index.php?rest_route=\/wp\/v2\/posts\/76713\/revisions\/76722"}],"wp:attachment":[{"href":"https:\/\/lospoliticosveracruz.com.mx\/index.php?rest_route=%2Fwp%2Fv2%2Fmedia&parent=76713"}],"wp:term":[{"taxonomy":"category","embeddable":true,"href":"https:\/\/lospoliticosveracruz.com.mx\/index.php?rest_route=%2Fwp%2Fv2%2Fcategories&post=76713"},{"taxonomy":"post_tag","embeddable":true,"href":"https:\/\/lospoliticosveracruz.com.mx\/index.php?rest_route=%2Fwp%2Fv2%2Ftags&post=76713"}],"curies":[{"name":"wp","href":"https:\/\/api.w.org\/{rel}","templated":true}]}}