{"id":76946,"date":"2021-07-19T19:11:51","date_gmt":"2021-07-20T00:11:51","guid":{"rendered":"http:\/\/www.lospoliticosveracruz.com.mx\/?p=76946"},"modified":"2021-07-19T19:11:54","modified_gmt":"2021-07-20T00:11:54","slug":"aprietan-medidas-anticovid","status":"publish","type":"post","link":"https:\/\/lospoliticosveracruz.com.mx\/?p=76946","title":{"rendered":"Aprietan medidas antiCovid!"},"content":{"rendered":"\n<p><\/p>\n\n\n\n<p><strong>C\u00f3rdoba<\/strong><br>Del lunes 19 de julio al domingo uno de agosto, el municipio de C\u00f3rdoba se ubicar\u00e1 en color naranja del sem\u00e1foro epidemiol\u00f3gico, por lo que la Mesa COVID del Ayuntamiento de C\u00f3rdoba determin\u00f3 retomar las disposiciones emitidas por el Consejo Municipal de Salud el 15 de enero del presente a\u00f1o, as\u00ed como nuevas acciones preventivas.<\/p>\n\n\n\n<div class=\"wp-block-image\"><figure class=\"alignleft size-large is-resized\"><a href=\"http:\/\/www.lospoliticosveracruz.com.mx\/wp-content\/uploads\/2021\/07\/BC303C53-5B1B-41DB-83A8-F91CDDBACA76.jpeg\"><img loading=\"lazy\" decoding=\"async\" src=\"http:\/\/www.lospoliticosveracruz.com.mx\/wp-content\/uploads\/2021\/07\/BC303C53-5B1B-41DB-83A8-F91CDDBACA76.jpeg\" alt=\"\" class=\"wp-image-76619\" width=\"233\" height=\"389\"\/><\/a><\/figure><\/div>\n\n\n\n<p><br>De esta manera, se mantiene limitado al 50% el aforo en trasporte p\u00fablico, y en el caso de la modalidad taxi, s\u00f3lo se podr\u00e1 transportar a dos personas en el asiento trasero, el asiento delantero s\u00f3lo se lo podr\u00e1n utilizar personas con discapacidad; conductores y pasajeros deber\u00e1n portar de manera obligatoria cubreboca.<br>Se determin\u00f3 reducir hasta el 75% el aforo de personas en todos los establecimientos comerciales y limitar el horario de funcionamiento hasta las 19 horas. Quedan exentos de esta disposici\u00f3n farmacias, tiendas de abarrotes, supermercados, consultorios m\u00e9dicos, y servicios funerarios.<br>Para el caso de bares, videobares, cantabares, cervecer\u00edas, centros nocturnos y cantinas deber\u00e1n operar con aforo reducido al 50%, contar con filtro sanitario de acceso y sanitizaci\u00f3n de \u00e1reas comunes. Su horario de funcionamiento ser\u00e1 de domingo a mi\u00e9rcoles hasta las 00:00 horas, y de jueves a s\u00e1bado hasta las dos de la ma\u00f1ana.<br>En el caso de restaurantes y expendios de comida, podr\u00e1n operar de domingo a mi\u00e9rcoles con horario de cierre hasta las 23 horas, mientras que de jueves a s\u00e1bado el cierre podr\u00e1 extenderse hasta la una de la ma\u00f1ana, en todos los casos el aforo permitido ser\u00e1 del 50%. Estos establecimientos deber\u00e1n privilegiar el servicio para llevar o entrega a domicilio.<br>Todos los establecimientos comerciales que operen en C\u00f3rdoba deber\u00e1n colocar se\u00f1al\u00e9tica que informe de forma clara y visible las medidas sanitarias ante el COVID19, de manera particular, solicitar el uso de cubreboca en todo momento, adem\u00e1s de promover el lavado constante de manos y la distancia f\u00edsica entre personas superior al metro y medio.<br>Se inform\u00f3 que se suspenden los eventos de danz\u00f3n de los d\u00edas jueves y domingo as\u00ed como los S\u00e1bados de Folclore. Las unidades econ\u00f3micas con giro de discoteca se mantienen en suspensi\u00f3n de actividades hasta que la autoridad de salud determine color verde en el sem\u00e1foro epidemiol\u00f3gico.<br>Se mantendr\u00e1n las jornadas de sanitizaci\u00f3n gratuitas de veh\u00edculos particulares y taxis, as\u00ed como los recorridos de supervisi\u00f3n en unidades econ\u00f3micas, mercados y zona comercial para verificar aforo y aplicaci\u00f3n de medidas sanitarias.<br>Se ofrecer\u00e1 desinfecci\u00f3n gratuita a peque\u00f1os comercios y se efectuar\u00e1n lavados de banqueta y \u00e1reas comunes en el mercado Revoluci\u00f3n.<br>Asimismo, se efectuar\u00e1n intervenciones informativas en espacios p\u00fablicos, perifoneos en las principales colonias y se llevar\u00e1n a cabo recorridos de sanitizaci\u00f3n en unidades habitacionales y alrededores de edificios de servicios como hospitales o bancos. Los parques municipales seguir\u00e1n operando con aforo reducido y horario limitado.<br>Se implementar\u00e1n guardias laborales en el Palacio Municipal y el personal municipal de grupos de riesgo trabajar\u00e1 en la modalidad a distancia. Se informar\u00e1 a Agentes y Subagentes municipales sobre la suspensi\u00f3n de eventos masivos y festividades en comunidades.<br>Los salones de fiesta operar\u00e1n con medidas sanitarias y con el aforo que indique la Unidad Municipal de Protecci\u00f3n Civil, quien operar\u00e1 operativos de supervisi\u00f3n en tianguis.<br>Quienes integran la Mesa COVID C\u00f3rdoba urgieron a la ciudadan\u00eda a aplicar los protocolos preventivos que demostraron su efectividad en los meses anteriores. Dijeron que las medidas implementadas tienen como finalidad la protecci\u00f3n de la salud y facilitar que las actividades productivas se mantengan abiertas.<\/p>\n\n\n\n<p>Convocaron al sector productivo a impulsar medidas internas que motiven la aplicaci\u00f3n de los protocolos, principalmente el uso correcto y permanente del cubreboca, y a permitir que la ciudadan\u00eda se vacune en las fechas que le corresponda.<\/p>\n\n\n\n<p>Solicitaron no emitir informaci\u00f3n falsa o reproducir la de dudosa procedencia y a colaborar en la implementaci\u00f3n de las medidas emitidas a fin de procurar la integridad de las familias cordobesas.<\/p>\n\n\n\n<p>Llamaron a las personas vacunadas a mantener activos los protocolos, en tanto los biol\u00f3gicos completan sus procesos de inmunizaci\u00f3n.<\/p>\n\n\n\n<p>\u201cYa se demostr\u00f3 que la cooperaci\u00f3n y la coordinaci\u00f3n entre los diferentes sectores sociales si funciona ante el COVID, y nos permite establecer una nueva convivencia ante esta enfermedad en tanto se avanza en el proceso de vacunaci\u00f3n. Es momento de seguir cuid\u00e1ndonos y proteger a quienes nos rodean\u201d, se\u00f1alaron.<\/p>\n","protected":false},"excerpt":{"rendered":"<p>C\u00f3rdobaDel lunes 19 de julio al domingo uno de agosto, el municipio de C\u00f3rdoba se ubicar\u00e1 en color naranja del sem\u00e1foro epidemiol\u00f3gico, por lo que la Mesa COVID del Ayuntamiento de C\u00f3rdoba determin\u00f3 retomar las disposiciones emitidas por el Consejo Municipal de Salud el 15 de enero del presente a\u00f1o, as\u00ed como nuevas acciones preventivas. [&hellip;]<\/p>\n","protected":false},"author":2,"featured_media":0,"comment_status":"closed","ping_status":"closed","sticky":false,"template":"","format":"standard","meta":{"_jetpack_newsletter_access":"","_jetpack_dont_email_post_to_subs":false,"_jetpack_newsletter_tier_id":0,"_jetpack_memberships_contains_paywalled_content":false,"_jetpack_memberships_contains_paid_content":false,"footnotes":""},"categories":[73],"tags":[29477,19126,7641,27773,18970,29478],"class_list":["post-76946","post","type-post","status-publish","format-standard","hentry","category-de-boleto","tag-consejo-municipal-de-salud","tag-cubreboca","tag-leticia-lopez-landero","tag-mesa-covid","tag-semaforo-epidemiologico","tag-trasporte-publico"],"jetpack_featured_media_url":"","jetpack_sharing_enabled":true,"jetpack_shortlink":"https:\/\/wp.me\/p4Qcd3-k14","_links":{"self":[{"href":"https:\/\/lospoliticosveracruz.com.mx\/index.php?rest_route=\/wp\/v2\/posts\/76946","targetHints":{"allow":["GET"]}}],"collection":[{"href":"https:\/\/lospoliticosveracruz.com.mx\/index.php?rest_route=\/wp\/v2\/posts"}],"about":[{"href":"https:\/\/lospoliticosveracruz.com.mx\/index.php?rest_route=\/wp\/v2\/types\/post"}],"author":[{"embeddable":true,"href":"https:\/\/lospoliticosveracruz.com.mx\/index.php?rest_route=\/wp\/v2\/users\/2"}],"replies":[{"embeddable":true,"href":"https:\/\/lospoliticosveracruz.com.mx\/index.php?rest_route=%2Fwp%2Fv2%2Fcomments&post=76946"}],"version-history":[{"count":1,"href":"https:\/\/lospoliticosveracruz.com.mx\/index.php?rest_route=\/wp\/v2\/posts\/76946\/revisions"}],"predecessor-version":[{"id":76948,"href":"https:\/\/lospoliticosveracruz.com.mx\/index.php?rest_route=\/wp\/v2\/posts\/76946\/revisions\/76948"}],"wp:attachment":[{"href":"https:\/\/lospoliticosveracruz.com.mx\/index.php?rest_route=%2Fwp%2Fv2%2Fmedia&parent=76946"}],"wp:term":[{"taxonomy":"category","embeddable":true,"href":"https:\/\/lospoliticosveracruz.com.mx\/index.php?rest_route=%2Fwp%2Fv2%2Fcategories&post=76946"},{"taxonomy":"post_tag","embeddable":true,"href":"https:\/\/lospoliticosveracruz.com.mx\/index.php?rest_route=%2Fwp%2Fv2%2Ftags&post=76946"}],"curies":[{"name":"wp","href":"https:\/\/api.w.org\/{rel}","templated":true}]}}