{"id":76949,"date":"2021-07-20T07:50:57","date_gmt":"2021-07-20T12:50:57","guid":{"rendered":"http:\/\/www.lospoliticosveracruz.com.mx\/?p=76949"},"modified":"2021-07-20T07:51:02","modified_gmt":"2021-07-20T12:51:02","slug":"jazz-bustamante-y-los-crimenes-de-odio","status":"publish","type":"post","link":"https:\/\/lospoliticosveracruz.com.mx\/?p=76949","title":{"rendered":"Jazz Bustamante y los cr\u00edmenes de odio"},"content":{"rendered":"\n<p><strong>Enrique Yasser Pompeyo<\/strong><\/p>\n\n\n\n<p><em>Mesa de Redacci\u00f3n<\/em><\/p>\n\n\n\n<p>El gobierno de Veracruz que encabeza el mandatario Cuitl\u00e1huac Garc\u00eda Jim\u00e9nez deber\u00eda preocuparse y ocuparse del caso de la activista en pro de los derechos de la comunidad LGBTTTIQ, Jazz Bustamante, quien, como ella misma lo se\u00f1ala en Twitter, fue \u201cinterceptada en mi negocio por el crimen organizado\u201d.<\/p>\n\n\n\n<div class=\"wp-block-image\"><figure class=\"alignleft size-large\"><a href=\"http:\/\/www.lospoliticosveracruz.com.mx\/wp-content\/uploads\/2021\/07\/BC303C53-5B1B-41DB-83A8-F91CDDBACA76.jpeg\"><img decoding=\"async\" src=\"http:\/\/www.lospoliticosveracruz.com.mx\/wp-content\/uploads\/2021\/07\/BC303C53-5B1B-41DB-83A8-F91CDDBACA76.jpeg\" alt=\"\" class=\"wp-image-76619\"\/><\/a><\/figure><\/div>\n\n\n\n<p><br>Y m\u00e1s, porque no es la primera vez que sufre una situaci\u00f3n de esta naturaleza. En su misma cuenta tambi\u00e9n se\u00f1ala: \u201cEs el 3 altercado, pero creo ya debo hacer un cambio profundo\u201d.<br>Si bien algunas personas podr\u00edan se\u00f1alar que se tratar\u00eda de un asunto de extorsi\u00f3n, Jazz Bustamante tambi\u00e9n deja en claro que se trata de otro tema.<br>As\u00ed lo escribi\u00f3 en la red social: \u201cSi la violencia est\u00e1 generalizada, sin embargo, si hubo menci\u00f3n por parte de los tipos sobre mi trabajo en defensa de los derechos humanos\u201d.<br>El caso cobra relevancia porque, de acuerdo con el Informe 2020 del Observatorio Nacional de Cr\u00edmenes de Odio contra las Personas LGBT y la Fundaci\u00f3n Arco\u00edris, en el estado de Veracruz, hasta ese a\u00f1o, se registraron 49 casos, lo que ubicaba a la entidad en el primer lugar.<br>Mientras que en este 2021, en los primeros cuatro meses se hab\u00edan contabilizado 12 cr\u00edmenes de odio, de acuerdo con el Colectivo Igualdad.<br>En su momento, la Oficina en M\u00e9xico del Alto Comisionado de las Naciones para los Derechos Humanos (ONU-DH) conden\u00f3 los cr\u00edmenes por homofobia en el estado de Veracruz.<br>Adem\u00e1s, de acuerdo con los compromisos internacionales en materia de derechos humanos que M\u00e9xico ha adquirido, el Estado tiene la obligaci\u00f3n de proteger el derecho de las personas LGBTI a la vida y a la seguridad personal.<br>Por donde se le quiera ver, el tema es preocupante, ya que confirma la ola de violencia e inseguridad que prevalece en todo el territorio veracruzano; adem\u00e1s, se agrava porque se atenta contra una persona que ha trabajado por la igualdad y el respeto a los derechos de la referida comunidad.<br>Desafortunadamente, la administraci\u00f3n estatal y la Fiscal\u00eda a cargo de Ver\u00f3nica Hern\u00e1ndez Giad\u00e1ns se muestran indolentes, pues la mayor\u00eda de los cr\u00edmenes no han sido resueltos como se\u00f1alan integrantes de diferentes asociaciones. \u00bfAcaso esperan a que sucedan m\u00e1s tragedias para actuar?<\/p>\n\n\n\n<p>CRITICA PRD IRRESPONSABILIDAD DE LA SEV<br>El PRD conden\u00f3 que las y los docentes de toda la entidad y de todos los niveles educativos, sean quienes sufran, en primera instancia, la inacci\u00f3n, irresponsabilidades y omisiones de las autoridades de la Secretar\u00eda de Educaci\u00f3n de Veracruz (SEV), tras la decisi\u00f3n de reactivar centros escolares que a la fecha est\u00e1n en p\u00e9simas condiciones, debido al abandono en el que la contingencia los ha dejado, adem\u00e1s de no contar con las medidas m\u00ednimas de higiene, las cuales garanticen el bienestar del magisterio que ocupar\u00e1 dichos lugares, se\u00f1al\u00f3 el dirigente estatal Sergio Cadena Mart\u00ednez.<br>Destac\u00f3 que a pesar de que la dependencia cuenta con un presupuesto asignado espec\u00edficamente para el mantenimiento de las escuelas, este no se ha aplicado a lo largo de los \u00faltimos meses, por lo que aparte de ser v\u00edctima de robos y desmantelamientos por parte de v\u00e1ndalos y ladrones, las escuelas se est\u00e1n cayendo a pedazos. \u201cEl escenario no pod\u00eda ser peor, las escuelas han sido robadas y saqueadas, aparte no se les ha dado mantenimiento; se ten\u00eda la esperanza de que al regresar a clases se les atender\u00eda, lo cual al parecer no va a suceder a pesar de que el presidente y el gobernador insistan en que habr\u00e1 clases presenciales, la realidad es que no hay ni jabones\u201d.<br>Cadena Mart\u00ednez, a nombre de los integrantes de la DEE y de los perredistas del estado envi\u00f3 un mensaje de solidaridad y el reconocimiento a todas y todos los maestros por su esfuerzo y entrega, pero al mismo tiempo pidi\u00f3 que no expongan su salud y demanden que les entreguen los materiales y aditamentos necesarios para desinfectar sus centros de trabajo, ya que, seg\u00fan reportes de ellos mismos, en un buen n\u00famero de centros escolares no hay ni agua potable.<br>\u201cHay que verificar que todos los docentes est\u00e9n vacunados y que su estado de salud sea el \u00f3ptimo, que no hayan sufrido afectaciones en este periodo y que los alumnos en sus hogares cuenten con las herramientas necesarias para atender, primero, los posibles rezagos que traigan y despu\u00e9s las clases de todos los d\u00edas, en caso de seguir en un formato de clases a distancia\u201d, detall\u00f3.<br>El dirigente llam\u00f3 a las autoridades del sector educativo de todos los niveles a que se aseguren de que existan las condiciones necesarias para un seguro regreso a clases de todas las partes involucradas o, de lo contrario, eval\u00faen alternativas viables para que las y los menores no pierdan el ciclo escolar, lo cual ser\u00eda lamentable y sumar\u00eda al enorme retraso que se est\u00e1 presentando en el sector.<\/p>\n\n\n\n<p>enriquepompeyo@hotmail.com<\/p>\n","protected":false},"excerpt":{"rendered":"<p>Enrique Yasser Pompeyo Mesa de Redacci\u00f3n El gobierno de Veracruz que encabeza el mandatario Cuitl\u00e1huac Garc\u00eda Jim\u00e9nez deber\u00eda preocuparse y ocuparse del caso de la activista en pro de los derechos de la comunidad LGBTTTIQ, Jazz Bustamante, quien, como ella misma lo se\u00f1ala en Twitter, fue \u201cinterceptada en mi negocio por el crimen organizado\u201d. Y [&hellip;]<\/p>\n","protected":false},"author":2,"featured_media":0,"comment_status":"closed","ping_status":"closed","sticky":false,"template":"","format":"standard","meta":{"_jetpack_newsletter_access":"","_jetpack_dont_email_post_to_subs":false,"_jetpack_newsletter_tier_id":0,"_jetpack_memberships_contains_paywalled_content":false,"_jetpack_memberships_contains_paid_content":false,"footnotes":""},"categories":[70],"tags":[1100,1563,29479,15477,196,10479,195],"class_list":["post-76949","post","type-post","status-publish","format-standard","hentry","category-de-opinion","tag-crimen-organizado","tag-cuitlahuac-garcia-jimenez","tag-derechos-de-la-comunidad-lgbtttiq","tag-enrique-yasser-pompeyo","tag-inseguridad","tag-jazz-bustamante","tag-veracruz"],"jetpack_featured_media_url":"","jetpack_sharing_enabled":true,"jetpack_shortlink":"https:\/\/wp.me\/p4Qcd3-k17","_links":{"self":[{"href":"https:\/\/lospoliticosveracruz.com.mx\/index.php?rest_route=\/wp\/v2\/posts\/76949","targetHints":{"allow":["GET"]}}],"collection":[{"href":"https:\/\/lospoliticosveracruz.com.mx\/index.php?rest_route=\/wp\/v2\/posts"}],"about":[{"href":"https:\/\/lospoliticosveracruz.com.mx\/index.php?rest_route=\/wp\/v2\/types\/post"}],"author":[{"embeddable":true,"href":"https:\/\/lospoliticosveracruz.com.mx\/index.php?rest_route=\/wp\/v2\/users\/2"}],"replies":[{"embeddable":true,"href":"https:\/\/lospoliticosveracruz.com.mx\/index.php?rest_route=%2Fwp%2Fv2%2Fcomments&post=76949"}],"version-history":[{"count":1,"href":"https:\/\/lospoliticosveracruz.com.mx\/index.php?rest_route=\/wp\/v2\/posts\/76949\/revisions"}],"predecessor-version":[{"id":76957,"href":"https:\/\/lospoliticosveracruz.com.mx\/index.php?rest_route=\/wp\/v2\/posts\/76949\/revisions\/76957"}],"wp:attachment":[{"href":"https:\/\/lospoliticosveracruz.com.mx\/index.php?rest_route=%2Fwp%2Fv2%2Fmedia&parent=76949"}],"wp:term":[{"taxonomy":"category","embeddable":true,"href":"https:\/\/lospoliticosveracruz.com.mx\/index.php?rest_route=%2Fwp%2Fv2%2Fcategories&post=76949"},{"taxonomy":"post_tag","embeddable":true,"href":"https:\/\/lospoliticosveracruz.com.mx\/index.php?rest_route=%2Fwp%2Fv2%2Ftags&post=76949"}],"curies":[{"name":"wp","href":"https:\/\/api.w.org\/{rel}","templated":true}]}}