{"id":76961,"date":"2021-07-20T08:26:08","date_gmt":"2021-07-20T13:26:08","guid":{"rendered":"http:\/\/www.lospoliticosveracruz.com.mx\/?p=76961"},"modified":"2021-07-20T08:26:13","modified_gmt":"2021-07-20T13:26:13","slug":"declaran-la-guerra-a-monreal","status":"publish","type":"post","link":"https:\/\/lospoliticosveracruz.com.mx\/?p=76961","title":{"rendered":"Declaran la guerra a Monreal!"},"content":{"rendered":"\n<p><\/p>\n\n\n\n<p><br><strong>Ricardo Ch\u00faa<\/strong><br><em>Sale y Vale<\/em><\/p>\n\n\n\n<p>CUITL\u00c1HUAC, SU MENSAJE A MONREAL\u2026 Algo muy grave debe estar pasando al interior del Palacio de Gobierno en Xalapa, con sus m\u00e1s importantes inquilinos, que los aliados de MORENA en el OPLE se\u00f1alan de que tienen la instrucci\u00f3n de \u00abREVENTAR\u00bb como sea y como fuera a Fuerza Por M\u00e9xico, el partido pol\u00edtico ligado a Pedro Haces y su organizaci\u00f3n obrera \u00abCATEM\u00bb y su principal promotor, el l\u00edder de la c\u00e1mara de Senadores, Ricardo Monreal\u2026 EN VERACRUZ, NO QUIEREN NADA CON ELLOS\u2026 ZUCUTUM\u2026<\/p>\n\n\n\n<div class=\"wp-block-image\"><figure class=\"alignleft size-large\"><a href=\"http:\/\/www.lospoliticosveracruz.com.mx\/wp-content\/uploads\/2021\/07\/BC303C53-5B1B-41DB-83A8-F91CDDBACA76.jpeg\"><img decoding=\"async\" src=\"http:\/\/www.lospoliticosveracruz.com.mx\/wp-content\/uploads\/2021\/07\/BC303C53-5B1B-41DB-83A8-F91CDDBACA76.jpeg\" alt=\"\" class=\"wp-image-76619\"\/><\/a><\/figure><\/div>\n\n\n\n<p>La versi\u00f3n m\u00e1s perversa se\u00f1ala que en Veracruz, desde el Palacio de Gobierno, han ordenado que en la anulaci\u00f3n de las m\u00e1s de 20 elecciones municipales, que se pretende hacer con apoyo del OPLE, lo que quieren es quedarse con los votos de Fuerza por M\u00e9xico en Veracruz, que logr\u00f3 el 3 por ciento de la votaci\u00f3n del pasado 6 de junio y que por ello, le corresponde un espacio plurinominal en el Congreso Local\u2026 Y, pues, los altos funcionarios estatales de MORENA, no quieren que llegue Enrique Santos y que se \u00abreviente\u00bb a la CATEM\u2026 SOPAS\u2026<\/p>\n\n\n\n<p>As\u00ed la instrucci\u00f3n es muy clara\u2026 Que Fuerza Por M\u00e9xico no logre nada y en las anulaciones de las elecciones pierda su registro\u2026 Por la relaci\u00f3n que hay de Enrique Santos con Gonzalo Vicencio, el \u00abalter ego\u00bb de Patrocinio Cisneros porque no se \u00abtragan, ni se mastican\u00bb\u2026 Y lo van a intentar en el recuento para hacer que no les alcance y que otro partido de oposici\u00f3n tenga esos votos\u2026 Sin que esto perjudique a MORENA con el tema de la sobrerrepresentaci\u00f3n y puedan lograr m\u00e1s diputados \u00abpluris\u00bb\u2026 ABROOOONNNNNN\u2026.<\/p>\n\n\n\n<p>De esa manera, se puede deducir que el mensaje de Cuitl\u00e1huac Garc\u00eda a Ricardo Monreal \u00c1vila, es muy sencillo de leer: \u00abCon lo que contaba en Veracruz, se lo van a -reventar- para que se quede sin nada\u00bb\u2026 Ya que en Veracruz, en MORENA y sus aliados, todos tienen que ir con Claudia Sheinbaum\u2026 Los que se suman con el senador zacatecano\u2026 \u00abSe los pasan por las armas\u00bb y los \u00abrevientan\u00bb\u2026 As\u00ed que todo lo que \u00abhuela\u00bb a Monreal y Vicencio en \u00abjarochilandia\u00bb es malquerido\u2026 OJO por Cuitl\u00e1huac y sus \u00abhuestes\u00bb\u2026<\/p>\n\n\n\n<p>La idea final es que en Veracruz al Congreso Local\u2026 No entre \u00abFuerza por M\u00e9xico\u00bb, ya que por los votos obtenidos le corresponde una diputaci\u00f3n \u00abpluri\u00bb, pero los quieren \u00abreventar\u00bb\u2026 Ya que en caso contrario, entonces, la CATEM que es Enrique Santos y Gonzalo Vicencio\u2026 Le dar\u00edan a Ricardo Monreal un espacio en Veracruz en la Legislatura del Estado\u2026 Por eso, la versi\u00f3n m\u00e1s descabellada es que ocupan al \u00abTato\u00bb Vega Yunes, como \u00abpunta de lanza\u00bb para \u00abquebrar\u00bb a FXM\u2026 Y que por eso, Vicencio le quit\u00f3 al \u00abTato\u00bb hasta el partido\u2026<\/p>\n\n\n\n<p>OJO\u2026 Lo que \u00abaceler\u00f3\u00bb m\u00e1s a los inquilinos de Palacio de Gobierno\u2026 Es que despu\u00e9s de su triunfo como alcalde de Xalapa, en MORENA, ven a Ricardo Ahued, como el m\u00e1s viable candidato a gobernador en 2024\u2026 Por encima de cualquiera, incluso de Roc\u00edo Nahle\u2026 Esto hace que las \u00abbater\u00edas\u00bb se carguen contra FXM porque quieren dejar s\u00f3lo a Ahued, como el \u00fanico \u00abalfil\u00bb de Monreal\u2026 Por ello, desean \u00abreventar\u00bb a CATEM, Gonzalo Vicencio, Enrique Santos y su partido\u2026 A Monreal, le declararon la \u00abguerra\u00bb en Veracruz\u2026 Y \u00e9l si es un ANIMAL PELIGROSO\u2026 DIOS LOS BENDIGA\u2026<\/p>\n\n\n\n<p>LOS \u00abVERDES\u00bb JAROCHOS\u2026 Los grupos del PVEM ligados a Manuel Velasco Coello, senador y l\u00edder moral de este partido en M\u00e9xico\u2026 Tienen la intenci\u00f3n de colocar en Veracruz como su nuevo l\u00edder estatal a Alberto Silva Ramos, dentro de este partido\u2026 Despu\u00e9s del respaldo que le pueda dar uno de los \u00abjefes natos\u00bb de este partido en Veracruz: Javier Herrera Borunda\u2026 Uno de los hombres m\u00e1s cercanos al ex gobernador chiapaneco\u2026 Con esos dos apoyos, pr\u00e1cticamente, \u00abEl Cisne\u00bb ser\u00e1 el nuevo \u00abpastor\u00bb de \u00abLos Verdes\u00bb\u2026<\/p>\n\n\n\n<p>Pese a que en este momento\u2026 El PVEM tiene una alianza pol\u00edtica y de gobierno con MORENA\u2026 Este partido tiene m\u00e1s \u00abhechura\u00bb priista que cualquier otro\u2026 M\u00e1s que el PRD o el propio MORENA\u2026 Por eso, ante la posibilidad de la llegada de Silva Ramos\u2026 Todos aquellos personajes que no interact\u00faan con MORENA y que desde hace a\u00f1os se alejaron del PRI, pero quieren seguir haciendo \u00abgrilla\u00bb, ven en Silva un tema favorable\u2026 Y con ello, fortalecer al \u00abVerde\u00bb\u2026<\/p>\n\n\n\n<p>Ya que en este momento, el PVEM se puede decir que junto con Movimiento Ciudadano est\u00e1n en su mejor etapa\u2026 Y con gran crecimiento pol\u00edtico en Veracruz\u2026 Adem\u00e1s ante la inminente llegada del actual l\u00edder estatal, Marcelo Ruiz, al Congreso Local\u2026 Es casi un hecho que se tendr\u00e1 que renovar la dirigencia estatal de este partido\u2026 Es ah\u00ed donde la figura de Silva Ramos crece porque es un personaje que ha caminado en Veracruz, en su momento, con el PRI\u2026 Ahora lo har\u00eda con este partido\u2026<\/p>\n\n\n\n<p>Adem\u00e1s uno de los fuertes argumentos que respalda al tuxpe\u00f1o para quedarse en el PVEM\u2026 Es que fue uno de los personajes m\u00e1s votados por su partido en la entidad\u2026 El 10 por ciento de los votos totales del \u00abVerde\u00bb lo tuvo Silva s\u00f3lo en Tuxpan\u2026 Este 2021 sac\u00f3 m\u00e1s sufragios que cuando fue diputado federal en el 2015\u2026 Todo esto aunado con la cercan\u00eda de Manuel Velasco y con el aval de Javier Herrera\u2026 Hace m\u00e1s inminente su llegada al PVEM en Veracruz dentro de una semanas\u2026<\/p>\n\n\n\n<p>Finalmente, pese a no ser del mismo partido pol\u00edtico pero con una alianza de por medio\u2026 \u00abEl Cisne\u00bb Silva no tiene problema de alg\u00fan tipo de \u00abveto\u00bb pol\u00edtico con el gobernador, Cuitl\u00e1huac Garc\u00eda, con el cual transita desde que ambos fueron diputados federales en 2015\u2026 Adem\u00e1s lleva una buena relaci\u00f3n con el senador con licencia, Ricardo Ahued\u2026 El pasado y futuro de MORENA en Veracruz\u2026 As\u00ed que se puede decir que todo est\u00e1 puesto para la llegada de \u00abEl Cisne\u00bb\u2026<\/p>\n\n\n\n<p>OJO\u2026 A pesar de que la relaci\u00f3n de Cuitl\u00e1huac Garc\u00eda y de Manuel Velasco ES NULA\u2026 Y que el chiapaneco no deja que se metan en su partido\u2026 Cuentan que este cambio, ya fue consensuado en Palacio Nacional y en el oficina de la coordinaci\u00f3n Jur\u00eddica de la Presidencia de la Rep\u00fablica, dieron el \u00abvisto bueno\u00bb para que el tuxpe\u00f1o llegue sin problema y se destrabe el conflicto electoral que tiene Tuxpan\u2026 Obvio esto al interior del \u00abVerde\u00bb ser\u00e1 pactado para que no existan \u00abrupturas\u00bb con Marcelo Ruiz\u2026 \u00bfCONSUMATUM EST?\u2026<\/p>\n","protected":false},"excerpt":{"rendered":"<p>Ricardo Ch\u00faaSale y Vale CUITL\u00c1HUAC, SU MENSAJE A MONREAL\u2026 Algo muy grave debe estar pasando al interior del Palacio de Gobierno en Xalapa, con sus m\u00e1s importantes inquilinos, que los aliados de MORENA en el OPLE se\u00f1alan de que tienen la instrucci\u00f3n de \u00abREVENTAR\u00bb como sea y como fuera a Fuerza Por M\u00e9xico, el partido [&hellip;]<\/p>\n","protected":false},"author":2,"featured_media":0,"comment_status":"closed","ping_status":"closed","sticky":false,"template":"","format":"standard","meta":{"_jetpack_newsletter_access":"","_jetpack_dont_email_post_to_subs":false,"_jetpack_newsletter_tier_id":0,"_jetpack_memberships_contains_paywalled_content":false,"_jetpack_memberships_contains_paid_content":false,"footnotes":""},"categories":[70],"tags":[7417,24637,15016,1124,1026,3272,876,13604,10353,249,195],"class_list":["post-76961","post","type-post","status-publish","format-standard","hentry","category-de-opinion","tag-elecciones-municipales","tag-fuerza-por-mexico","tag-gonzalo-vicencio","tag-javier-herrera-borunda","tag-morena","tag-ople","tag-ricardo-ahued","tag-ricardo-chua","tag-ricardo-monreal","tag-tato-vega-yunes","tag-veracruz"],"jetpack_featured_media_url":"","jetpack_sharing_enabled":true,"jetpack_shortlink":"https:\/\/wp.me\/p4Qcd3-k1j","_links":{"self":[{"href":"https:\/\/lospoliticosveracruz.com.mx\/index.php?rest_route=\/wp\/v2\/posts\/76961","targetHints":{"allow":["GET"]}}],"collection":[{"href":"https:\/\/lospoliticosveracruz.com.mx\/index.php?rest_route=\/wp\/v2\/posts"}],"about":[{"href":"https:\/\/lospoliticosveracruz.com.mx\/index.php?rest_route=\/wp\/v2\/types\/post"}],"author":[{"embeddable":true,"href":"https:\/\/lospoliticosveracruz.com.mx\/index.php?rest_route=\/wp\/v2\/users\/2"}],"replies":[{"embeddable":true,"href":"https:\/\/lospoliticosveracruz.com.mx\/index.php?rest_route=%2Fwp%2Fv2%2Fcomments&post=76961"}],"version-history":[{"count":1,"href":"https:\/\/lospoliticosveracruz.com.mx\/index.php?rest_route=\/wp\/v2\/posts\/76961\/revisions"}],"predecessor-version":[{"id":76962,"href":"https:\/\/lospoliticosveracruz.com.mx\/index.php?rest_route=\/wp\/v2\/posts\/76961\/revisions\/76962"}],"wp:attachment":[{"href":"https:\/\/lospoliticosveracruz.com.mx\/index.php?rest_route=%2Fwp%2Fv2%2Fmedia&parent=76961"}],"wp:term":[{"taxonomy":"category","embeddable":true,"href":"https:\/\/lospoliticosveracruz.com.mx\/index.php?rest_route=%2Fwp%2Fv2%2Fcategories&post=76961"},{"taxonomy":"post_tag","embeddable":true,"href":"https:\/\/lospoliticosveracruz.com.mx\/index.php?rest_route=%2Fwp%2Fv2%2Ftags&post=76961"}],"curies":[{"name":"wp","href":"https:\/\/api.w.org\/{rel}","templated":true}]}}