{"id":77059,"date":"2021-07-21T20:21:37","date_gmt":"2021-07-22T01:21:37","guid":{"rendered":"http:\/\/www.lospoliticosveracruz.com.mx\/?p=77059"},"modified":"2021-07-21T20:21:42","modified_gmt":"2021-07-22T01:21:42","slug":"abortistas","status":"publish","type":"post","link":"https:\/\/lospoliticosveracruz.com.mx\/?p=77059","title":{"rendered":"Abortistas"},"content":{"rendered":"\n<p><strong>Manolo Victorio<\/strong><\/p>\n\n\n\n<p><em>Carpe Diem<br><\/em><\/p>\n\n\n\n<p>Con 25 votos a favor, 13 en contrario y la abstenci\u00f3n del priista Antonio Garc\u00eda Reyes, sucesor involuntario de Juan Carlos Molina, la 65 legislatura veracruzana hizo historia al despenalizar la interrupci\u00f3n legal del embarazo, despu\u00e9s de CDMX, Hidalgo y Oaxaca.<\/p>\n\n\n\n<div class=\"wp-block-image\"><figure class=\"alignleft size-large is-resized\"><a href=\"http:\/\/www.lospoliticosveracruz.com.mx\/wp-content\/uploads\/2021\/07\/BC303C53-5B1B-41DB-83A8-F91CDDBACA76.jpeg\"><img loading=\"lazy\" decoding=\"async\" src=\"http:\/\/www.lospoliticosveracruz.com.mx\/wp-content\/uploads\/2021\/07\/BC303C53-5B1B-41DB-83A8-F91CDDBACA76.jpeg\" alt=\"\" class=\"wp-image-76619\" width=\"233\" height=\"389\"\/><\/a><\/figure><\/div>\n\n\n\n<p><br>En sesi\u00f3n expr\u00e9s, con rejas cerradas debido a la contingencia que les cay\u00f3 como anillo al dedo, Morena y sus aliados aprovecharon la oportunidad para dejar de patear el bote y le entraron a la discusi\u00f3n de legalizar el aborto hasta la semana 12 de gestaci\u00f3n.<br>As\u00ed, el Pleno de la LXV Legislatura aprob\u00f3 la iniciativa que reforma los art\u00edculos 149, 150, 151, 153 y 154, y deroga el art\u00edculo 152, todos del C\u00f3digo Penal para el Estado de Veracruz de Ignacio de la Llave, con lo que se establecen diversas disposiciones sobre los derechos sexuales y reproductivos de las mujeres.<br>Los considerandos del documento que ya fueron publicados en la Gaceta Oficial del Estado, por tanto, es ley vigente, no despenalizan el aborto, sino que \u00e9ste sigue siendo delito en el C\u00f3digo Penal estatal si es realizado despu\u00e9s de la decimosegunda semana. \u201cAntes de las doce semanas, las mujeres podr\u00e1n decidir si quieren o no continuar con el embarazo de manera voluntaria, as\u00ed como qued\u00f3 en la Ciudad de M\u00e9xico, Oaxaca e Hidalgo\u201d, refiere.<br>\u2018Haiga sido como haiga sido\u2019, la bancada morenista exhibi\u00f3 el m\u00fasculo, empuj\u00f3 en tribuna su iniciativa reformista, que fue avalada con 25 votos para convertirse en ley, m\u00e1s all\u00e1 de los desencuentros y la franca disputa que mantiene la 4T con los personeros de la Iglesia Cat\u00f3lica que predicaron en el desierto de la opini\u00f3n p\u00fablica su postura anti aborto.<br>Y en este entreveramiento del hist\u00f3rico deslinde incluido en la filosof\u00eda de la predica de dar \u2018al C\u00e9sar lo que es del C\u00e9sar y a Dios lo que es de Dios\u2019 la publicaci\u00f3n de las reformas da un estatus de consummata est a este enfrentamiento hist\u00f3rico entre feministas pro abortistas versus iglesias y grupos provida.<br>En el rasero de la simpleza, dir\u00edase que Morena se impuso a las iglesias, sobre todo a la cat\u00f3lica, cuyos jerarcas se metieron en las patas de los caballos en temporada electoral, desacreditando el proyecto magenta y esta ley representa un mazazo del estado laico juarista que las ubica en el plano de la moral religiosa y las margina de los preceptos jur\u00eddicos, facultad dada al legislador en la divisi\u00f3n de poderes terrenales aplicada por don Benito Ju\u00e1rez.<br>\u00bfEs una victoria de Morena? S\u00ed.<br>Es tambi\u00e9n, en el lado opuesto, una derrota de las iglesias que no han sabido adaptarse a la nueva realidad, reflejada brutalmente en la estad\u00edstica que registra 600 mil delitos sexuales cometidos al a\u00f1o en este M\u00e9xico alejado del p\u00falpito, tribuna o pin\u00e1culo, habida cuenta que de cada 10 v\u00edctimas de violencia sexual 9 son mujeres.<br>No aterriza el serm\u00f3n, la par\u00e1bola en esta descarnada numeralia que indica que, de cada 10 mujeres violentadas, 4 son menores de 15 a\u00f1os y que el 60 por ciento de sus agresores se esconden en el anonimato del \u00e1mbito familiar.<br>Tampoco se ocupan ministros, sacerdotes, pastores, gu\u00edas y gur\u00fas de los mil 640 delitos sexuales que ocurren cada d\u00eda en este pa\u00eds, de los cuales s\u00f3lo el 10 por ciento llega a la barandilla de una fiscal\u00eda especializada, ni de las 172 carpetas de investigaci\u00f3n abiertas a igual n\u00famero de mujeres en el estado de Veracruz por abortar voluntaria, inconsciente u obligadamente.<br>En esta miseria humana, donde las religiones no chapalean, se mueven los motivos, razones, argumentos y decisiones que llevan a una mujer a interrumpir el embarazo, bajo la premisa que esta acci\u00f3n quedar\u00e1 impresa en el \u00e1mbito de la conciencia toda la vida, por tanto, habr\u00eda que apegarse a la tesis que ninguna f\u00e9mina aborta por el s\u00f3lo gusto de extraerse el producto.<br>Mientras llegan las controversias, que las habr\u00e1 en la l\u00f3gica opositora a la ideolog\u00eda liberal de la 4T, la Fiscal\u00eda General del Estado tendr\u00e1 que pedir ipso facto la liberaci\u00f3n de Diana Patricia, joven madre de familia acusada de homicidio doloso contra un feto de 5 meses tras un aborto espont\u00e1neo en Oluta, recluida en el penal de Acayucan.<br>Y es que en apego del articulo 14 constitucional, cuyo primer p\u00e1rrafo dice a la letra: \u2018A ninguna ley se dar\u00e1 efecto retroactivo en perjuicio de persona alguna\u2019, ser\u00eda una tabla de salvaci\u00f3n jur\u00eddica para esta mujer, presuntamente criminalizada injustamente por la FGE.<br>Quiz\u00e1 es hora que se libere a Diana Patricia, acusada por la FGE de homicidio doloso contra un feto de 5 meses de gestaci\u00f3n, porque en un embarazo de alto riesgo la llev\u00f3 a abortar en una plaza comercial de Oluta, el 22 de mayo pasado, bajo la tesis de la retroactividad de la ley, porque estas reformas al C\u00f3digo Penal se aplicar\u00edan en beneficio de la se\u00f1alada o indiciada.<br>\u2026de otro costal.<br>Con un d\u00e9ficit acad\u00e9mico hasta de un 20 por ciento en los alumnos en 10 facultades de la Universidad Veracruzana de la zona sur y 3 denuncias por acoso laboral, Carlos Lamothe Zavaleta, vicerrector de la UV en Coatzacoalcos se inscribi\u00f3 en la fiesta para suceder a Sara Ladr\u00f3n de Guevara.<br>En v\u00edsperas de la renovaci\u00f3n de la Rector\u00eda de la Universidad Veracruzana que ser\u00e1 en agosto, Lamothe parece reprobar la asignatura de la probidad profesional.<br>La Doctora Mar\u00eda del Carmen Chiu Pablo, docente de la Facultad de Trabajo Social, quien destac\u00f3 que el presupuesto designado para las facultades de la zona sur no ha sido aprovechado para cubrir las necesidades m\u00e1s urgentes en los campus Coatzacoalcos y Minatitl\u00e1n espec\u00edficamente en este \u00faltimo, toda vez que hay obras mal hechas en este campus, la faltad de un domo, un andador entre otras necesidades.<br>Adem\u00e1s, al funcionario sure\u00f1o se le se\u00f1ala de acoso laboral.<br>Dif\u00edcilmente pasar\u00e1 el siguiente tamiz en esta nutrida lista de 13 aspirantes a la rector\u00eda de nuestra madre nutricia.<\/p>\n","protected":false},"excerpt":{"rendered":"<p>Manolo Victorio Carpe Diem Con 25 votos a favor, 13 en contrario y la abstenci\u00f3n del priista Antonio Garc\u00eda Reyes, sucesor involuntario de Juan Carlos Molina, la 65 legislatura veracruzana hizo historia al despenalizar la interrupci\u00f3n legal del embarazo, despu\u00e9s de CDMX, Hidalgo y Oaxaca. En sesi\u00f3n expr\u00e9s, con rejas cerradas debido a la contingencia [&hellip;]<\/p>\n","protected":false},"author":2,"featured_media":0,"comment_status":"closed","ping_status":"closed","sticky":false,"template":"","format":"standard","meta":{"_jetpack_newsletter_access":"","_jetpack_dont_email_post_to_subs":false,"_jetpack_newsletter_tier_id":0,"_jetpack_memberships_contains_paywalled_content":false,"_jetpack_memberships_contains_paid_content":false,"footnotes":""},"categories":[70],"tags":[18487,29522,319,3654,29521,28396,1026],"class_list":["post-77059","post","type-post","status-publish","format-standard","hentry","category-de-opinion","tag-catedral-de-xalapa","tag-despenalizan-el-aborto","tag-iglesia","tag-juan-carlos-molina","tag-legalizar-el-aborto","tag-manolo-victorio","tag-morena"],"jetpack_featured_media_url":"","jetpack_sharing_enabled":true,"jetpack_shortlink":"https:\/\/wp.me\/p4Qcd3-k2T","_links":{"self":[{"href":"https:\/\/lospoliticosveracruz.com.mx\/index.php?rest_route=\/wp\/v2\/posts\/77059","targetHints":{"allow":["GET"]}}],"collection":[{"href":"https:\/\/lospoliticosveracruz.com.mx\/index.php?rest_route=\/wp\/v2\/posts"}],"about":[{"href":"https:\/\/lospoliticosveracruz.com.mx\/index.php?rest_route=\/wp\/v2\/types\/post"}],"author":[{"embeddable":true,"href":"https:\/\/lospoliticosveracruz.com.mx\/index.php?rest_route=\/wp\/v2\/users\/2"}],"replies":[{"embeddable":true,"href":"https:\/\/lospoliticosveracruz.com.mx\/index.php?rest_route=%2Fwp%2Fv2%2Fcomments&post=77059"}],"version-history":[{"count":1,"href":"https:\/\/lospoliticosveracruz.com.mx\/index.php?rest_route=\/wp\/v2\/posts\/77059\/revisions"}],"predecessor-version":[{"id":77061,"href":"https:\/\/lospoliticosveracruz.com.mx\/index.php?rest_route=\/wp\/v2\/posts\/77059\/revisions\/77061"}],"wp:attachment":[{"href":"https:\/\/lospoliticosveracruz.com.mx\/index.php?rest_route=%2Fwp%2Fv2%2Fmedia&parent=77059"}],"wp:term":[{"taxonomy":"category","embeddable":true,"href":"https:\/\/lospoliticosveracruz.com.mx\/index.php?rest_route=%2Fwp%2Fv2%2Fcategories&post=77059"},{"taxonomy":"post_tag","embeddable":true,"href":"https:\/\/lospoliticosveracruz.com.mx\/index.php?rest_route=%2Fwp%2Fv2%2Ftags&post=77059"}],"curies":[{"name":"wp","href":"https:\/\/api.w.org\/{rel}","templated":true}]}}