{"id":77099,"date":"2021-07-22T17:22:19","date_gmt":"2021-07-22T22:22:19","guid":{"rendered":"http:\/\/www.lospoliticosveracruz.com.mx\/?p=77099"},"modified":"2021-07-22T17:22:22","modified_gmt":"2021-07-22T22:22:22","slug":"pasenle-a-la-vacunancia","status":"publish","type":"post","link":"https:\/\/lospoliticosveracruz.com.mx\/?p=77099","title":{"rendered":"P\u00e1senle a la \u00abvacunancia\u00bb!"},"content":{"rendered":"\n<div class=\"wp-block-image\"><figure class=\"alignleft size-large\"><a href=\"http:\/\/www.lospoliticosveracruz.com.mx\/wp-content\/uploads\/2021\/07\/BC303C53-5B1B-41DB-83A8-F91CDDBACA76.jpeg\"><img decoding=\"async\" src=\"http:\/\/www.lospoliticosveracruz.com.mx\/wp-content\/uploads\/2021\/07\/BC303C53-5B1B-41DB-83A8-F91CDDBACA76.jpeg\" alt=\"\" class=\"wp-image-76619\"\/><\/a><\/figure><\/div>\n\n\n\n<p><br><br><strong>C\u00f3rdoba<\/strong><br>Autoridades de salud, federales y municipales, convocaron a personas de C\u00f3rdoba de 30 a 39 a\u00f1os a registrarse en la plataforma mivacuna.salud.gob.mx y a acudir a la jornada de vacunaci\u00f3n que inici\u00f3 este d\u00eda en este municipio.<br>Autoridades de salud informaron que en este rango de edad se aplica la vacuna SINOVAC, misma que cuenta con aprobaci\u00f3n de la Organizaci\u00f3n Mundial de la Salud (OMS) y que ha demostrado ser eficaz contra las formas graves de la COVID y ante la hospitalizaci\u00f3n.<br>\u201cTodas las vacunas que se administran en las diferentes jornadas son eficaces. Cada uno de los diferentes tipos de vacunas cuentan con estudios cl\u00ednicos suficientes y con aprobaci\u00f3n de las autoridades de salud para proteger contra los efectos m\u00e1s graves de la enfermedad\u201d, indic\u00f3 el Jefe de Salud del Ayuntamiento de C\u00f3rdoba.<br>Explic\u00f3 que no existe vacuna que ofrezca un cien por ciento de inmunidad, por lo que llam\u00f3 a la ciudadan\u00eda a mantener activos los protocolos sanitarios: \u201cestamos ante la oportunidad de cuidarnos y procurar a quienes nos rodean. Las vacunas forman parte de los protocolos que han que seguir aplicando\u201d, agreg\u00f3.<br>Personal de la Secretar\u00eda de Bienestar y del Ayuntamiento de C\u00f3rdoba hicieron un llamado urgente al sector productivo a colaborar para facilitar el acceso de la vacuna a las personas de C\u00f3rdoba: \u201cEs una muy atenta invitaci\u00f3n a que permitan a sus colaboradores salir de sus jornadas de trabajo con el tiempo suficiente para irse a vacunar, esto ayudar\u00e1 a mantener activas todos los sectores\u201d.<br>Destacaron que la jornada que inici\u00f3 este jueves 22 se mantendr\u00e1 hasta el s\u00e1bado 24, y se cuenta con capacidad para recibir a m\u00e1s de 30 mil personas con el apoyo de la Brigada Correcaminos: \u201cSe ha agilizado el tiempo de atenci\u00f3n, no es necesario llegar con demasiada anticipaci\u00f3n para ser atendido\u201d, se\u00f1alaron.<br>Indicaron que las personas que acudan al complejo deportivo El Mexicano ser\u00e1n atendidas de acuerdo a la primera letra de su apellido, para ma\u00f1ana viernes ser\u00e1n las personas con apellidos de la H a la O, mientras que el s\u00e1bado de la R a la Z.<br>Hay que acudir con la impresi\u00f3n del registro de la vacuna, identificaci\u00f3n oficial, copia del CURP y comprobante de domicilio. No es necesario suspender tratamientos m\u00e9dicos ni dejar de comer.<br>Se\u00f1alaron que tambi\u00e9n se vacunar\u00e1n a personas rezagadas de otros grupos de edad, embarazadas mayores de 18 a\u00f1os y con al menos doce semanas de gestaci\u00f3n y personas postradas.<\/p>\n","protected":false},"excerpt":{"rendered":"<p>C\u00f3rdobaAutoridades de salud, federales y municipales, convocaron a personas de C\u00f3rdoba de 30 a 39 a\u00f1os a registrarse en la plataforma mivacuna.salud.gob.mx y a acudir a la jornada de vacunaci\u00f3n que inici\u00f3 este d\u00eda en este municipio.Autoridades de salud informaron que en este rango de edad se aplica la vacuna SINOVAC, misma que cuenta con [&hellip;]<\/p>\n","protected":false},"author":2,"featured_media":0,"comment_status":"closed","ping_status":"closed","sticky":false,"template":"","format":"standard","meta":{"_jetpack_newsletter_access":"","_jetpack_dont_email_post_to_subs":false,"_jetpack_newsletter_tier_id":0,"_jetpack_memberships_contains_paywalled_content":false,"_jetpack_memberships_contains_paid_content":false,"footnotes":""},"categories":[73],"tags":[7641,19347],"class_list":["post-77099","post","type-post","status-publish","format-standard","hentry","category-de-boleto","tag-leticia-lopez-landero","tag-vacunacion"],"jetpack_featured_media_url":"","jetpack_sharing_enabled":true,"jetpack_shortlink":"https:\/\/wp.me\/p4Qcd3-k3x","_links":{"self":[{"href":"https:\/\/lospoliticosveracruz.com.mx\/index.php?rest_route=\/wp\/v2\/posts\/77099","targetHints":{"allow":["GET"]}}],"collection":[{"href":"https:\/\/lospoliticosveracruz.com.mx\/index.php?rest_route=\/wp\/v2\/posts"}],"about":[{"href":"https:\/\/lospoliticosveracruz.com.mx\/index.php?rest_route=\/wp\/v2\/types\/post"}],"author":[{"embeddable":true,"href":"https:\/\/lospoliticosveracruz.com.mx\/index.php?rest_route=\/wp\/v2\/users\/2"}],"replies":[{"embeddable":true,"href":"https:\/\/lospoliticosveracruz.com.mx\/index.php?rest_route=%2Fwp%2Fv2%2Fcomments&post=77099"}],"version-history":[{"count":1,"href":"https:\/\/lospoliticosveracruz.com.mx\/index.php?rest_route=\/wp\/v2\/posts\/77099\/revisions"}],"predecessor-version":[{"id":77101,"href":"https:\/\/lospoliticosveracruz.com.mx\/index.php?rest_route=\/wp\/v2\/posts\/77099\/revisions\/77101"}],"wp:attachment":[{"href":"https:\/\/lospoliticosveracruz.com.mx\/index.php?rest_route=%2Fwp%2Fv2%2Fmedia&parent=77099"}],"wp:term":[{"taxonomy":"category","embeddable":true,"href":"https:\/\/lospoliticosveracruz.com.mx\/index.php?rest_route=%2Fwp%2Fv2%2Fcategories&post=77099"},{"taxonomy":"post_tag","embeddable":true,"href":"https:\/\/lospoliticosveracruz.com.mx\/index.php?rest_route=%2Fwp%2Fv2%2Ftags&post=77099"}],"curies":[{"name":"wp","href":"https:\/\/api.w.org\/{rel}","templated":true}]}}