{"id":77143,"date":"2021-07-23T10:27:01","date_gmt":"2021-07-23T15:27:01","guid":{"rendered":"http:\/\/www.lospoliticosveracruz.com.mx\/?p=77143"},"modified":"2021-07-23T10:27:06","modified_gmt":"2021-07-23T15:27:06","slug":"vade-retro-aborto","status":"publish","type":"post","link":"https:\/\/lospoliticosveracruz.com.mx\/?p=77143","title":{"rendered":"Vade retro, aborto!"},"content":{"rendered":"\n<div class=\"wp-block-image\"><figure class=\"alignleft size-large is-resized\"><a href=\"http:\/\/www.lospoliticosveracruz.com.mx\/wp-content\/uploads\/2021\/07\/BC303C53-5B1B-41DB-83A8-F91CDDBACA76.jpeg\"><img loading=\"lazy\" decoding=\"async\" src=\"http:\/\/www.lospoliticosveracruz.com.mx\/wp-content\/uploads\/2021\/07\/BC303C53-5B1B-41DB-83A8-F91CDDBACA76.jpeg\" alt=\"\" class=\"wp-image-76619\" width=\"233\" height=\"389\"\/><\/a><\/figure><\/div>\n\n\n\n<p><strong>Xalapa<\/strong><br>La Arquidi\u00f3cesis de Xalapa, pidi\u00f3 al personal m\u00e9dico del sector salud negarse a practicar el aborto como forma de rechazo a la nueva reforma que lo permite en Veracruz.<br>El vocero cat\u00f3lico, Jos\u00e9 Manuel Suazo, insisti\u00f3 en que se promueve la muerte \u00ablos se\u00f1ores obispos hacen una invitaci\u00f3n a ejercer su libertad de conciencia que tiene un m\u00e9dico a objetar, es un derecho humano, y por lo tanto a no proceder con una ley perversa que asesina a los ni\u00f1os en el vientre materno\u00bb.<br>Suazo Reyes, resalt\u00f3 que \u00abmuchos m\u00e9dicos profesan no solo un credo, sino que tienen \u00e9tica y saben que eso es un asesinato, genocidio\u00bb.<br>El aborto en Veracruz puede practicarse en cl\u00ednicas publicas hasta las 12 semanas de gestaci\u00f3n.<\/p>\n","protected":false},"excerpt":{"rendered":"<p>XalapaLa Arquidi\u00f3cesis de Xalapa, pidi\u00f3 al personal m\u00e9dico del sector salud negarse a practicar el aborto como forma de rechazo a la nueva reforma que lo permite en Veracruz.El vocero cat\u00f3lico, Jos\u00e9 Manuel Suazo, insisti\u00f3 en que se promueve la muerte \u00ablos se\u00f1ores obispos hacen una invitaci\u00f3n a ejercer su libertad de conciencia que tiene [&hellip;]<\/p>\n","protected":false},"author":2,"featured_media":0,"comment_status":"closed","ping_status":"closed","sticky":false,"template":"","format":"standard","meta":{"_jetpack_newsletter_access":"","_jetpack_dont_email_post_to_subs":false,"_jetpack_newsletter_tier_id":0,"_jetpack_memberships_contains_paywalled_content":false,"_jetpack_memberships_contains_paid_content":false,"footnotes":""},"categories":[6446],"tags":[2859,1406,23189],"class_list":["post-77143","post","type-post","status-publish","format-standard","hentry","category-la-nota","tag-aborto","tag-arquidiocesis-de-xalapa","tag-jose-manuel-suazo"],"jetpack_featured_media_url":"","jetpack_sharing_enabled":true,"jetpack_shortlink":"https:\/\/wp.me\/p4Qcd3-k4f","_links":{"self":[{"href":"https:\/\/lospoliticosveracruz.com.mx\/index.php?rest_route=\/wp\/v2\/posts\/77143","targetHints":{"allow":["GET"]}}],"collection":[{"href":"https:\/\/lospoliticosveracruz.com.mx\/index.php?rest_route=\/wp\/v2\/posts"}],"about":[{"href":"https:\/\/lospoliticosveracruz.com.mx\/index.php?rest_route=\/wp\/v2\/types\/post"}],"author":[{"embeddable":true,"href":"https:\/\/lospoliticosveracruz.com.mx\/index.php?rest_route=\/wp\/v2\/users\/2"}],"replies":[{"embeddable":true,"href":"https:\/\/lospoliticosveracruz.com.mx\/index.php?rest_route=%2Fwp%2Fv2%2Fcomments&post=77143"}],"version-history":[{"count":1,"href":"https:\/\/lospoliticosveracruz.com.mx\/index.php?rest_route=\/wp\/v2\/posts\/77143\/revisions"}],"predecessor-version":[{"id":77144,"href":"https:\/\/lospoliticosveracruz.com.mx\/index.php?rest_route=\/wp\/v2\/posts\/77143\/revisions\/77144"}],"wp:attachment":[{"href":"https:\/\/lospoliticosveracruz.com.mx\/index.php?rest_route=%2Fwp%2Fv2%2Fmedia&parent=77143"}],"wp:term":[{"taxonomy":"category","embeddable":true,"href":"https:\/\/lospoliticosveracruz.com.mx\/index.php?rest_route=%2Fwp%2Fv2%2Fcategories&post=77143"},{"taxonomy":"post_tag","embeddable":true,"href":"https:\/\/lospoliticosveracruz.com.mx\/index.php?rest_route=%2Fwp%2Fv2%2Ftags&post=77143"}],"curies":[{"name":"wp","href":"https:\/\/api.w.org\/{rel}","templated":true}]}}