{"id":77293,"date":"2021-07-28T07:43:50","date_gmt":"2021-07-28T12:43:50","guid":{"rendered":"http:\/\/www.lospoliticosveracruz.com.mx\/?p=77293"},"modified":"2021-07-28T07:43:53","modified_gmt":"2021-07-28T12:43:53","slug":"los-perritos-de-santa-lucia","status":"publish","type":"post","link":"https:\/\/lospoliticosveracruz.com.mx\/?p=77293","title":{"rendered":"Los Perritos de Santa Luc\u00eda"},"content":{"rendered":"\n<p><strong>Maricarmen Garc\u00eda El\u00edas<\/strong><\/p>\n\n\n\n<p><em>Animalia<br><\/em><\/p>\n\n\n\n<p>El refugio llamado Los Perritos de Santa Lucia fue creado recientemente ante el gran n\u00famero de perros en situaci\u00f3n de calle cerca de las obras donde se construye el Aeropuerto Internacional \u201cFelipe \u00c1ngeles\u201d y como iniciativa de la arquitecta Pamela D\u00edaz colaboradora de la terminal a\u00e9rea quien ve\u00eda camino a su trabajo en esta \u00e1rea una cantidad significativa de perros abandonados.<br>Cabe destacar que, en un hecho hist\u00f3rico, es la Secretar\u00eda de la Defensa Nacional (Sedena) quien con el apoyo de vecinos le ha dado todo el impulso a este refugio de animales. Ya en desastres naturales anteriores se hab\u00eda visto a personal de la Sedena rescatando animales de inundaciones algo que fue celebrado por la ciudadan\u00eda en redes sociales pues el que la vida de los animales est\u00e9 incluida dentro de los protocolos de asistencia en una contingencia habla de la \u00e9tica y de los valores humanos de quienes integran esta dependencia.<br>Ahora con esta noticia donde se puede observar a militares abrazando y dando cuidados m\u00e9dicos a los cachorros y perros adultos que ya viven en este refugio ha dejado un mensaje sumamente positivo y esperanzador para quienes buscan por medio del trato \u00e9tico hacia los animales una mejor sociedad, pues se demuestra que una iniciativa ciudadana con el apoyo de las autoridades &#8211; en este caso una de las dependencias m\u00e1s importantes de toda la estructura gubernamental a nivel federal como es la Sedena- puede dar grandes frutos en beneficio no s\u00f3lo del bienestar animal sino de una comunidad entera pues esto tambi\u00e9n beneficia a los pobladores al disminuir las posibilidades de zoonosis.<br>Los 58 perritos que al momento viven en este albergue corr\u00edan peligro de sufrir alg\u00fan accidente fatal al deambular cerca de una zona de construcci\u00f3n de grandes magnitudes como lo es el aeropuerto. En la 37 Zona Militar hab\u00eda cerca un k\u00ednder sin ser usado hace ya mucho tiempo el cual ser\u00eda demolido y donde se opt\u00f3 por habilitar este albergue dadas las condiciones estrat\u00e9gicas del inmueble.<br>Los animales est\u00e1n siendo alimentados por personal del Ej\u00e9rcito quien ha implementado una campa\u00f1a de adopci\u00f3n activa invitando a la poblaci\u00f3n a adoptar a los perritos en su mayor\u00eda cachorros, los cuales se entregan vacunados, esterilizados y desparasitados, adem\u00e1s de que se les da seguimiento a la adopci\u00f3n.<br>Algo similar ocurre en la Central de Abastos al oriente de la Ciudad de M\u00e9xico donde el \u00e1rea que se usaba como helipuerto se ha convertido en un refugio para perritos en donde tambi\u00e9n se promueve la adopci\u00f3n responsable de los animales rescatados en esa \u00e1rea y donde los integrantes de la Central se unieron con activistas para crear este otro albergue ante la creciente poblaci\u00f3n de animales en situaci\u00f3n de calle.<br>Es muy importante ser due\u00f1os responsables y esterilizar a nuestras mascotas para evitar sobrepoblaciones caninas y felinas. Estemos conscientes que tener una mascota implica un compromiso con un ser vivo que necesitar\u00e1 cuidados m\u00e9dicos, alimentaci\u00f3n y sobre todo amor por muchos a\u00f1os , siendo la mejor opci\u00f3n adoptar y esterilizar pues de cada 10 animales que se compran 8 terminan en las calles al crecer o \u201cal portarse mal\u201d y ya en las calles se reproducen sin control ante la falta de aplicaci\u00f3n de pol\u00edticas p\u00fablicas \u00e9ticas como las esterilizaciones masivas dando lugar al maltrato y sufrimiento de estos animales en situaci\u00f3n de calle.<\/p>\n","protected":false},"excerpt":{"rendered":"<p>Maricarmen Garc\u00eda El\u00edas Animalia El refugio llamado Los Perritos de Santa Lucia fue creado recientemente ante el gran n\u00famero de perros en situaci\u00f3n de calle cerca de las obras donde se construye el Aeropuerto Internacional \u201cFelipe \u00c1ngeles\u201d y como iniciativa de la arquitecta Pamela D\u00edaz colaboradora de la terminal a\u00e9rea quien ve\u00eda camino a su [&hellip;]<\/p>\n","protected":false},"author":2,"featured_media":0,"comment_status":"closed","ping_status":"closed","sticky":false,"template":"","format":"standard","meta":{"_jetpack_newsletter_access":"","_jetpack_dont_email_post_to_subs":false,"_jetpack_newsletter_tier_id":0,"_jetpack_memberships_contains_paywalled_content":false,"_jetpack_memberships_contains_paid_content":false,"footnotes":""},"categories":[6451],"tags":[29612,29608,29611,16828,29610,23493,761],"class_list":["post-77293","post","type-post","status-publish","format-standard","hentry","category-historias_de_amigos","tag-esterilizaciones-masivas","tag-felipe-angeles","tag-los-perritos-de-santa-lucia","tag-maricarmen-garcia-elias","tag-pamela-diaz","tag-refugio-de-animales","tag-sedena"],"jetpack_featured_media_url":"","jetpack_sharing_enabled":true,"jetpack_shortlink":"https:\/\/wp.me\/p4Qcd3-k6F","_links":{"self":[{"href":"https:\/\/lospoliticosveracruz.com.mx\/index.php?rest_route=\/wp\/v2\/posts\/77293","targetHints":{"allow":["GET"]}}],"collection":[{"href":"https:\/\/lospoliticosveracruz.com.mx\/index.php?rest_route=\/wp\/v2\/posts"}],"about":[{"href":"https:\/\/lospoliticosveracruz.com.mx\/index.php?rest_route=\/wp\/v2\/types\/post"}],"author":[{"embeddable":true,"href":"https:\/\/lospoliticosveracruz.com.mx\/index.php?rest_route=\/wp\/v2\/users\/2"}],"replies":[{"embeddable":true,"href":"https:\/\/lospoliticosveracruz.com.mx\/index.php?rest_route=%2Fwp%2Fv2%2Fcomments&post=77293"}],"version-history":[{"count":1,"href":"https:\/\/lospoliticosveracruz.com.mx\/index.php?rest_route=\/wp\/v2\/posts\/77293\/revisions"}],"predecessor-version":[{"id":77294,"href":"https:\/\/lospoliticosveracruz.com.mx\/index.php?rest_route=\/wp\/v2\/posts\/77293\/revisions\/77294"}],"wp:attachment":[{"href":"https:\/\/lospoliticosveracruz.com.mx\/index.php?rest_route=%2Fwp%2Fv2%2Fmedia&parent=77293"}],"wp:term":[{"taxonomy":"category","embeddable":true,"href":"https:\/\/lospoliticosveracruz.com.mx\/index.php?rest_route=%2Fwp%2Fv2%2Fcategories&post=77293"},{"taxonomy":"post_tag","embeddable":true,"href":"https:\/\/lospoliticosveracruz.com.mx\/index.php?rest_route=%2Fwp%2Fv2%2Ftags&post=77293"}],"curies":[{"name":"wp","href":"https:\/\/api.w.org\/{rel}","templated":true}]}}