{"id":77542,"date":"2021-08-03T09:32:35","date_gmt":"2021-08-03T14:32:35","guid":{"rendered":"http:\/\/www.lospoliticosveracruz.com.mx\/?p=77542"},"modified":"2021-08-03T09:32:40","modified_gmt":"2021-08-03T14:32:40","slug":"la-consulta-amanada","status":"publish","type":"post","link":"https:\/\/lospoliticosveracruz.com.mx\/?p=77542","title":{"rendered":"La consulta ama\u00f1ada"},"content":{"rendered":"\n<p><strong>Emilio C\u00e1rdenas Escobosa<\/strong><\/p>\n\n\n\n<p><em>De Inter\u00e9s P\u00fablico<br><\/em><\/p>\n\n\n\n<p>Primer acto: se convoca a una consulta ciudadana, la primera que se hace en el pa\u00eds, con un tema nada atractivo a los ciudadanos: si se debe aplicar o no la ley para juzgar a personajes pol\u00edticos del pasado reciente que hayan cometido actos que deban castigarse; lo cual por ser una obviedad hace que pr\u00e1cticamente nadie, ni los adeptos al r\u00e9gimen, se interesen en el tema y menos acudan a votar.<\/p>\n\n\n\n<div class=\"wp-block-image\"><figure class=\"alignleft size-large\"><a href=\"http:\/\/www.lospoliticosveracruz.com.mx\/wp-content\/uploads\/2021\/08\/WhatsApp-Image-2021-08-02-at-12.46.36.jpeg\"><img decoding=\"async\" src=\"http:\/\/www.lospoliticosveracruz.com.mx\/wp-content\/uploads\/2021\/08\/WhatsApp-Image-2021-08-02-at-12.46.36.jpeg\" alt=\"\" class=\"wp-image-77480\"\/><\/a><\/figure><\/div>\n\n\n\n<p><br>Segundo acto: El Instituto Nacional Electoral (INE), como establece la Constituci\u00f3n y las leyes, debe organizar la consulta, previo acuerdo de la Suprema Corte de Justicia sobre la constitucionalidad del acto. Circunstancia que implic\u00f3 definir la pregunta a poner a consideraci\u00f3n de la gente, sin mencionar por su nombre a los ex presidentes de M\u00e9xico, como aparentemente era el deseo del presidente Andr\u00e9s Manuel L\u00f3pez Obrador, y que qued\u00f3 tan ambigua que pocos la entendieron.<br>Tercer acto: El gobierno federal dice, y as\u00ed lo difunde ampliamente a trav\u00e9s de personajes prominentes de Morena, que se preguntar\u00e1 si debe sancionarse o no a los ex presidentes por actos de corrupci\u00f3n o abuso de poder en el pasado.<br>Cuarto acto: La consulta, como era previsible, es un fracaso, pues vota menos del 8 por ciento del padr\u00f3n electoral, y se acusa al INE de no haberla promovido o a\u00fan de boicotearla.<br>Quinto acto: El presidente asegura que fue un \u00e9xito la consulta, pero se empieza a difundir el mensaje de que el INE no cumpli\u00f3 y por tanto es un lastre para los nuevos tiempos democr\u00e1ticos<br>Sexto acto: Se prepara ya la en\u00e9sima reforma electoral en la que se pedir\u00e1 a los legisladores de Morena a hacer suya la iniciativa del presidente para desaparecer el INE y crear otro organismo organizador de las elecciones. Con ello se deshacen de Lorenzo C\u00f3rdova, Ciro Murayama y de cuanto consejero del INE sea inc\u00f3modo al actual gobierno, y se da el golpe final para hacerse del control del instituto que tendr\u00e1 a su cargo la organizaci\u00f3n de los comicios federales del 2024.<br>\u00bfC\u00f3mo se llam\u00f3 la obra?: plan con ma\u00f1a.<br>As\u00ed, a manera de comedia de enredos en la que al final se aclara la motivaci\u00f3n de los personajes al llegar al cl\u00edmax el argumento y se da la resoluci\u00f3n de las tensiones que mantuvieron atrapada la atenci\u00f3n del espectador, es como se puede poner en claro el objetivo \u00faltimo de la pol\u00e9mica consulta ciudadana celebrada el pasado domingo 1 de agosto.<br>Fue una puesta en escena con un solo ganador: el presidente L\u00f3pez Obrador quien, habilidoso como es, encontr\u00f3 la manera de seguir concentrando las miradas del respetable para mantener su discurso de ajuste de cuentas con el pasado \u2013ajuste que obviamente no se har\u00e1 porque de haberlo querido hacer realmente desde el primer d\u00eda de su gobierno lo habr\u00eda impulsado ante la Fiscal\u00eda General de la Rep\u00fablica con las denuncias correspondientes-; seguir con la promoci\u00f3n de su imagen como un presidente transformador, diametralmente opuesto a los anteriores y que merece estar en los libros de historia; y, el verdadero motivo, lanzar la ofensiva final para desacreditar al INE y preparar la reforma electoral que ya anunci\u00f3 y que tendr\u00e1 como objetivo, bajo variados argumentos, controlar al \u00f3rgano electoral.<br>Un plan perfecto que se ajusta a sus deseos y objetivos pol\u00edtico-electorales pero que cost\u00f3 la friolera de 580 millones de pesos que salieron de los recursos p\u00fablicos.<br>Por eso ahora vemos a personajes del firmamento morenista salir a dar interpretaciones y a hacer juicios sumarios del INE, como es el caso del gobernador de Veracruz, Cuitl\u00e1huac Garc\u00eda Jim\u00e9nez, quien sali\u00f3 a responsabilizar al Instituto Nacional Electoral de la poca participaci\u00f3n en la consulta y de las irregularidades que fueron denunciadas en la entidad.<br>\u201cEl organismo electoral ya no est\u00e1 a la altura porque sigue permitiendo fraudes en las casillas, sigue permitiendo desorganizaci\u00f3n y gasta mucho\u201d, dijo el mandatario veracruzano. Y ya encarrerado acus\u00f3 que las estructuras del poder que dejaron los expresidentes de M\u00e9xico permanecen todav\u00eda en el INE y \u201cactuaron en su defensa\u201d.<br>Garc\u00eda Jim\u00e9nez, concluy\u00f3 su dictamen al plantear como conclusi\u00f3n que el INE est\u00e1 demostrando inoperancia ante los nuevos retos democr\u00e1ticos que se le exigen y que \u201clos representantes populares en el Congreso de la Uni\u00f3n deber\u00e1n tomar cartas en este asunto\u201d.<br>\u00bfAs\u00ed o m\u00e1s claro todo el trasfondo de la aparentemente fallida consulta ciudadana?<br>L\u00e1stima que un ejercicio aut\u00e9nticamente democr\u00e1tico como lo es consultar a la poblaci\u00f3n sobre decisiones trascendentales que deben tomar los depositarios de los poderes p\u00fablicos, y que es un mecanismo por excelencia de la democracia participativa de uso com\u00fan en diversas naciones del mundo, haya sido usado de esa forma.<br>El primer ejercicio de esa naturaleza que se realiza en nuestro pa\u00eds y que pudo haber tenido una enorme participaci\u00f3n si se hubiera consultado sobre si se estaba de acuerdo o no en el regreso a clases presenciales en plena tercera ola de la pandemia de Covid 19, o sobre la continuidad de proyectos u obras gubernamentales (as\u00ed como supuestamente se hizo para detener la construcci\u00f3n del aeropuerto en Texcoco) o sobre la militarizaci\u00f3n de la seguridad p\u00fablica, entre un largo etc\u00e9tera.<br>Pero en esos temas, decididos ya por el que manda en el pa\u00eds, la opini\u00f3n de la gente es lo de menos.<br>Esa es nuestra Cuarta Transformaci\u00f3n<\/p>\n\n\n\n<p>jecesco@hotamil.com<br>www.deinterespublico.com<\/p>\n","protected":false},"excerpt":{"rendered":"<p>Emilio C\u00e1rdenas Escobosa De Inter\u00e9s P\u00fablico Primer acto: se convoca a una consulta ciudadana, la primera que se hace en el pa\u00eds, con un tema nada atractivo a los ciudadanos: si se debe aplicar o no la ley para juzgar a personajes pol\u00edticos del pasado reciente que hayan cometido actos que deban castigarse; lo cual [&hellip;]<\/p>\n","protected":false},"author":2,"featured_media":0,"comment_status":"closed","ping_status":"closed","sticky":false,"template":"","format":"standard","meta":{"_jetpack_newsletter_access":"","_jetpack_dont_email_post_to_subs":false,"_jetpack_newsletter_tier_id":0,"_jetpack_memberships_contains_paywalled_content":false,"_jetpack_memberships_contains_paid_content":false,"footnotes":""},"categories":[70],"tags":[618,29691,14239,1563,1432,554,5613],"class_list":["post-77542","post","type-post","status-publish","format-standard","hentry","category-de-opinion","tag-andres-manuel-lopez-obrador","tag-ciro-murayama","tag-consulta-popular","tag-cuitlahuac-garcia-jimenez","tag-emilio-cardenas-escobosa","tag-ine","tag-lorenzo-cordova"],"jetpack_featured_media_url":"","jetpack_sharing_enabled":true,"jetpack_shortlink":"https:\/\/wp.me\/p4Qcd3-kaG","_links":{"self":[{"href":"https:\/\/lospoliticosveracruz.com.mx\/index.php?rest_route=\/wp\/v2\/posts\/77542","targetHints":{"allow":["GET"]}}],"collection":[{"href":"https:\/\/lospoliticosveracruz.com.mx\/index.php?rest_route=\/wp\/v2\/posts"}],"about":[{"href":"https:\/\/lospoliticosveracruz.com.mx\/index.php?rest_route=\/wp\/v2\/types\/post"}],"author":[{"embeddable":true,"href":"https:\/\/lospoliticosveracruz.com.mx\/index.php?rest_route=\/wp\/v2\/users\/2"}],"replies":[{"embeddable":true,"href":"https:\/\/lospoliticosveracruz.com.mx\/index.php?rest_route=%2Fwp%2Fv2%2Fcomments&post=77542"}],"version-history":[{"count":1,"href":"https:\/\/lospoliticosveracruz.com.mx\/index.php?rest_route=\/wp\/v2\/posts\/77542\/revisions"}],"predecessor-version":[{"id":77543,"href":"https:\/\/lospoliticosveracruz.com.mx\/index.php?rest_route=\/wp\/v2\/posts\/77542\/revisions\/77543"}],"wp:attachment":[{"href":"https:\/\/lospoliticosveracruz.com.mx\/index.php?rest_route=%2Fwp%2Fv2%2Fmedia&parent=77542"}],"wp:term":[{"taxonomy":"category","embeddable":true,"href":"https:\/\/lospoliticosveracruz.com.mx\/index.php?rest_route=%2Fwp%2Fv2%2Fcategories&post=77542"},{"taxonomy":"post_tag","embeddable":true,"href":"https:\/\/lospoliticosveracruz.com.mx\/index.php?rest_route=%2Fwp%2Fv2%2Ftags&post=77542"}],"curies":[{"name":"wp","href":"https:\/\/api.w.org\/{rel}","templated":true}]}}