{"id":77609,"date":"2021-08-04T13:25:00","date_gmt":"2021-08-04T18:25:00","guid":{"rendered":"http:\/\/www.lospoliticosveracruz.com.mx\/?p=77609"},"modified":"2021-08-04T22:31:23","modified_gmt":"2021-08-05T03:31:23","slug":"regidor-4t-en-tokyo-con-tokyo","status":"publish","type":"post","link":"https:\/\/lospoliticosveracruz.com.mx\/?p=77609","title":{"rendered":"Regidor en Tokyo con Tokyo!"},"content":{"rendered":"\n<p><\/p>\n\n\n\n<figure class=\"wp-block-gallery columns-3 is-cropped wp-block-gallery-1 is-layout-flex wp-block-gallery-is-layout-flex\"><ul class=\"blocks-gallery-grid\"><li class=\"blocks-gallery-item\"><figure><a href=\"http:\/\/www.lospoliticosveracruz.com.mx\/wp-content\/uploads\/2021\/08\/C4E8EBCE-CB62-4F36-9B73-E757D025BFA1.jpeg\"><img decoding=\"async\" src=\"http:\/\/www.lospoliticosveracruz.com.mx\/wp-content\/uploads\/2021\/08\/C4E8EBCE-CB62-4F36-9B73-E757D025BFA1.jpeg\" alt=\"\" data-id=\"77613\" data-full-url=\"http:\/\/www.lospoliticosveracruz.com.mx\/wp-content\/uploads\/2021\/08\/C4E8EBCE-CB62-4F36-9B73-E757D025BFA1.jpeg\" data-link=\"http:\/\/www.lospoliticosveracruz.com.mx\/?attachment_id=77613\" class=\"wp-image-77613\"\/><\/a><\/figure><\/li><li class=\"blocks-gallery-item\"><figure><a href=\"http:\/\/www.lospoliticosveracruz.com.mx\/wp-content\/uploads\/2021\/08\/2FD515D3-AEF2-460D-A238-362CA56C467A.jpeg\"><img decoding=\"async\" src=\"http:\/\/www.lospoliticosveracruz.com.mx\/wp-content\/uploads\/2021\/08\/2FD515D3-AEF2-460D-A238-362CA56C467A.jpeg\" alt=\"\" data-id=\"77612\" data-full-url=\"http:\/\/www.lospoliticosveracruz.com.mx\/wp-content\/uploads\/2021\/08\/2FD515D3-AEF2-460D-A238-362CA56C467A.jpeg\" data-link=\"http:\/\/www.lospoliticosveracruz.com.mx\/?attachment_id=77612\" class=\"wp-image-77612\"\/><\/a><\/figure><\/li><li class=\"blocks-gallery-item\"><figure><a href=\"http:\/\/www.lospoliticosveracruz.com.mx\/wp-content\/uploads\/2021\/08\/45A14849-CCB4-4349-BD35-8917C2EBAE69.jpeg\"><img decoding=\"async\" src=\"http:\/\/www.lospoliticosveracruz.com.mx\/wp-content\/uploads\/2021\/08\/45A14849-CCB4-4349-BD35-8917C2EBAE69.jpeg\" alt=\"\" data-id=\"77614\" data-full-url=\"http:\/\/www.lospoliticosveracruz.com.mx\/wp-content\/uploads\/2021\/08\/45A14849-CCB4-4349-BD35-8917C2EBAE69.jpeg\" data-link=\"http:\/\/www.lospoliticosveracruz.com.mx\/?attachment_id=77614\" class=\"wp-image-77614\"\/><\/a><\/figure><\/li><\/ul><\/figure>\n\n\n\n<p>Xalapa<br>El regidor de Xalapa Osbaldo M. G\u00e1mez, presumi\u00f3 su viaje por Tokio, para asistir a las Olimpiadas 2020.<br>A trav\u00e9s de sus redes sociales, poste\u00f3 diversas fotograf\u00edas d\u00f3nde aparece en distintos puntos de ese pa\u00eds asi\u00e1tico.<br>\u00abNikko Jap\u00f3n. Ryuzu Falls ( Cascada Cabeza de Dragon). Buenos d\u00edas M\u00e9xico\ud83c\uddf2\ud83c\uddfd<br>Buenas noches Jap\u00f3n\ud83c\uddef\ud83c\uddf5<br>BENDICIONES\u00bb, escribi\u00f3 en su muro de facebook acompa\u00f1ado de diversas fotograf\u00edas.<\/p>\n","protected":false},"excerpt":{"rendered":"<p>XalapaEl regidor de Xalapa Osbaldo M. G\u00e1mez, presumi\u00f3 su viaje por Tokio, para asistir a las Olimpiadas 2020.A trav\u00e9s de sus redes sociales, poste\u00f3 diversas fotograf\u00edas d\u00f3nde aparece en distintos puntos de ese pa\u00eds asi\u00e1tico.\u00abNikko Jap\u00f3n. Ryuzu Falls ( Cascada Cabeza de Dragon). Buenos d\u00edas M\u00e9xico\ud83c\uddf2\ud83c\uddfdBuenas noches Jap\u00f3n\ud83c\uddef\ud83c\uddf5BENDICIONES\u00bb, escribi\u00f3 en su muro de facebook acompa\u00f1ado [&hellip;]<\/p>\n","protected":false},"author":2,"featured_media":0,"comment_status":"closed","ping_status":"closed","sticky":false,"template":"","format":"standard","meta":{"_jetpack_newsletter_access":"","_jetpack_dont_email_post_to_subs":false,"_jetpack_newsletter_tier_id":0,"_jetpack_memberships_contains_paywalled_content":false,"_jetpack_memberships_contains_paid_content":false,"footnotes":""},"categories":[6446],"tags":[29712,21348,96],"class_list":["post-77609","post","type-post","status-publish","format-standard","hentry","category-la-nota","tag-osbaldo-m-gamez","tag-regidor","tag-xalapa"],"jetpack_featured_media_url":"","jetpack_sharing_enabled":true,"jetpack_shortlink":"https:\/\/wp.me\/p4Qcd3-kbL","_links":{"self":[{"href":"https:\/\/lospoliticosveracruz.com.mx\/index.php?rest_route=\/wp\/v2\/posts\/77609","targetHints":{"allow":["GET"]}}],"collection":[{"href":"https:\/\/lospoliticosveracruz.com.mx\/index.php?rest_route=\/wp\/v2\/posts"}],"about":[{"href":"https:\/\/lospoliticosveracruz.com.mx\/index.php?rest_route=\/wp\/v2\/types\/post"}],"author":[{"embeddable":true,"href":"https:\/\/lospoliticosveracruz.com.mx\/index.php?rest_route=\/wp\/v2\/users\/2"}],"replies":[{"embeddable":true,"href":"https:\/\/lospoliticosveracruz.com.mx\/index.php?rest_route=%2Fwp%2Fv2%2Fcomments&post=77609"}],"version-history":[{"count":3,"href":"https:\/\/lospoliticosveracruz.com.mx\/index.php?rest_route=\/wp\/v2\/posts\/77609\/revisions"}],"predecessor-version":[{"id":77630,"href":"https:\/\/lospoliticosveracruz.com.mx\/index.php?rest_route=\/wp\/v2\/posts\/77609\/revisions\/77630"}],"wp:attachment":[{"href":"https:\/\/lospoliticosveracruz.com.mx\/index.php?rest_route=%2Fwp%2Fv2%2Fmedia&parent=77609"}],"wp:term":[{"taxonomy":"category","embeddable":true,"href":"https:\/\/lospoliticosveracruz.com.mx\/index.php?rest_route=%2Fwp%2Fv2%2Fcategories&post=77609"},{"taxonomy":"post_tag","embeddable":true,"href":"https:\/\/lospoliticosveracruz.com.mx\/index.php?rest_route=%2Fwp%2Fv2%2Ftags&post=77609"}],"curies":[{"name":"wp","href":"https:\/\/api.w.org\/{rel}","templated":true}]}}