{"id":77618,"date":"2021-08-04T15:08:00","date_gmt":"2021-08-04T20:08:00","guid":{"rendered":"http:\/\/www.lospoliticosveracruz.com.mx\/?p=77618"},"modified":"2021-08-04T15:08:19","modified_gmt":"2021-08-04T20:08:19","slug":"en-tribunal-colegiado-la-libertad-de-franco","status":"publish","type":"post","link":"https:\/\/lospoliticosveracruz.com.mx\/?p=77618","title":{"rendered":"En Tribunal Colegiado, la libertad de Franco"},"content":{"rendered":"\n<div class=\"wp-block-image\"><figure class=\"alignleft size-large is-resized\"><a href=\"http:\/\/www.lospoliticosveracruz.com.mx\/wp-content\/uploads\/2021\/08\/WhatsApp-Image-2021-08-02-at-12.46.36.jpeg\"><img loading=\"lazy\" decoding=\"async\" src=\"http:\/\/www.lospoliticosveracruz.com.mx\/wp-content\/uploads\/2021\/08\/WhatsApp-Image-2021-08-02-at-12.46.36.jpeg\" alt=\"\" class=\"wp-image-77480\" width=\"225\" height=\"450\"\/><\/a><\/figure><\/div>\n\n\n\n<p><strong>Tuxpan<\/strong><br>Finalmente y tan s\u00f3lo 24 horas despu\u00e9s del mitin de perredistas en favor de Rogelio Franco Cast\u00e1n, el Juzgado S\u00e9ptimo de Distrito de Tuxpan emite su resoluci\u00f3n.<br>El Juez Mercado Oaxaca dicta resoluci\u00f3n en la que LA JUSTICIA FEDERAL AMPARA y PROTEGE a Rogelio Franco Cast\u00e1n, declarando ilegal su vinculaci\u00f3n a proceso y la medida cautelar de 8 meses en prisi\u00f3n que le interpusieron, lamentablemente el juez no abord\u00f3 sobre la inconstitucionalidad del delito de ultrajes a la autoridad, es decir, \u201cse lav\u00f3 las manos\u201d para no entrar a fondo del asunto y no dejar por el momento libre a Franco Cast\u00e1n. Ser\u00e1 un Tribunal Colegiado qui\u00e9n resuelva en definitiva este asunto.<br>Durante 135 d\u00edas el juez Mercado Oaxaca retardo el amparo de Franco Cast\u00e1n siguiendo las indicaciones de palacio de Gobierno de Veracruz.<\/p>\n","protected":false},"excerpt":{"rendered":"<p>TuxpanFinalmente y tan s\u00f3lo 24 horas despu\u00e9s del mitin de perredistas en favor de Rogelio Franco Cast\u00e1n, el Juzgado S\u00e9ptimo de Distrito de Tuxpan emite su resoluci\u00f3n.El Juez Mercado Oaxaca dicta resoluci\u00f3n en la que LA JUSTICIA FEDERAL AMPARA y PROTEGE a Rogelio Franco Cast\u00e1n, declarando ilegal su vinculaci\u00f3n a proceso y la medida cautelar [&hellip;]<\/p>\n","protected":false},"author":2,"featured_media":0,"comment_status":"closed","ping_status":"closed","sticky":false,"template":"","format":"standard","meta":{"_jetpack_newsletter_access":"","_jetpack_dont_email_post_to_subs":false,"_jetpack_newsletter_tier_id":0,"_jetpack_memberships_contains_paywalled_content":false,"_jetpack_memberships_contains_paid_content":false,"footnotes":""},"categories":[73],"tags":[29713,107,808,203],"class_list":["post-77618","post","type-post","status-publish","format-standard","hentry","category-de-boleto","tag-juez-mercado-oaxaca","tag-prd","tag-rogelio-franco-castan","tag-tuxpan"],"jetpack_featured_media_url":"","jetpack_sharing_enabled":true,"jetpack_shortlink":"https:\/\/wp.me\/p4Qcd3-kbU","_links":{"self":[{"href":"https:\/\/lospoliticosveracruz.com.mx\/index.php?rest_route=\/wp\/v2\/posts\/77618","targetHints":{"allow":["GET"]}}],"collection":[{"href":"https:\/\/lospoliticosveracruz.com.mx\/index.php?rest_route=\/wp\/v2\/posts"}],"about":[{"href":"https:\/\/lospoliticosveracruz.com.mx\/index.php?rest_route=\/wp\/v2\/types\/post"}],"author":[{"embeddable":true,"href":"https:\/\/lospoliticosveracruz.com.mx\/index.php?rest_route=\/wp\/v2\/users\/2"}],"replies":[{"embeddable":true,"href":"https:\/\/lospoliticosveracruz.com.mx\/index.php?rest_route=%2Fwp%2Fv2%2Fcomments&post=77618"}],"version-history":[{"count":1,"href":"https:\/\/lospoliticosveracruz.com.mx\/index.php?rest_route=\/wp\/v2\/posts\/77618\/revisions"}],"predecessor-version":[{"id":77619,"href":"https:\/\/lospoliticosveracruz.com.mx\/index.php?rest_route=\/wp\/v2\/posts\/77618\/revisions\/77619"}],"wp:attachment":[{"href":"https:\/\/lospoliticosveracruz.com.mx\/index.php?rest_route=%2Fwp%2Fv2%2Fmedia&parent=77618"}],"wp:term":[{"taxonomy":"category","embeddable":true,"href":"https:\/\/lospoliticosveracruz.com.mx\/index.php?rest_route=%2Fwp%2Fv2%2Fcategories&post=77618"},{"taxonomy":"post_tag","embeddable":true,"href":"https:\/\/lospoliticosveracruz.com.mx\/index.php?rest_route=%2Fwp%2Fv2%2Ftags&post=77618"}],"curies":[{"name":"wp","href":"https:\/\/api.w.org\/{rel}","templated":true}]}}