{"id":77732,"date":"2021-08-06T15:05:06","date_gmt":"2021-08-06T20:05:06","guid":{"rendered":"http:\/\/www.lospoliticosveracruz.com.mx\/?p=77732"},"modified":"2021-08-06T15:05:11","modified_gmt":"2021-08-06T20:05:11","slug":"desaparecieron-el-dinero-del-poder-judicial","status":"publish","type":"post","link":"https:\/\/lospoliticosveracruz.com.mx\/?p=77732","title":{"rendered":"Desaparecieron el dinero del Poder Judicial!"},"content":{"rendered":"\n<p><strong>Xalapa<\/strong><br>La magistrada Yolanda Cecilia Casta\u00f1eda Palmeros, neg\u00f3 percibir un salario millonario y, por el contrario, teme que ante la desaparici\u00f3n de los recursos de los fondos para el Mejoramiento de Impartici\u00f3n de Justicia y de Retiro, no pueda retirarse: \u201cSimplemente, el dinero lo desaparecieron\u201d.<\/p>\n\n\n\n<div class=\"wp-block-image\"><figure class=\"alignleft size-large\"><a href=\"http:\/\/www.lospoliticosveracruz.com.mx\/wp-content\/uploads\/2021\/08\/WhatsApp-Image-2021-08-02-at-12.46.36.jpeg\"><img decoding=\"async\" src=\"http:\/\/www.lospoliticosveracruz.com.mx\/wp-content\/uploads\/2021\/08\/WhatsApp-Image-2021-08-02-at-12.46.36.jpeg\" alt=\"\" class=\"wp-image-77480\"\/><\/a><\/figure><\/div>\n\n\n\n<p><br>En entrevista para un noticiero de radio en Xalapa con Jorge Faibre y Araceli Baizabal, la magistrada, que ha laborado durante 49 a\u00f1os y siete meses de forma honrada y con los logros m\u00e1s extraordinarios dentro del Poder Judicial, dijo que es lamentable que en 2021 ya no haya dinero del presupuesto aprobado, pues simple y llanamente, desapareci\u00f3.<br>A la vez, reiter\u00f3 que no gana un salario millonario, pues desde que era juez y fue asignada a distintos distritos, los salarios no le permit\u00edan rentar alg\u00fan lugar en buenas condiciones: \u201cA veces tuve que rentar azoteas y lugares muy baratos. Todo cambi\u00f3 en las administraciones de Patricio Chirinos y Dante Delgado, que fue cuando mejoraron los salarios\u201d.<br>Tambi\u00e9n, dijo que en este momento la presidente del Poder Judicial, Isabel In\u00e9s Romero Cruz, a quien se refiri\u00f3 cari\u00f1osamente como \u201cChabela\u201d, la quiere quitar de su cargo: \u201cYo tengo mucho tiempo en el Poder Judicial y comenc\u00e9 como escribiente en un juzgado y en noviembre de 1997 el Congreso local me design\u00f3 magistrada numeraria inamovible\u201d.<br>Indic\u00f3 que la ley no es retroactiva y le quieren aplicar la reforma que se aprob\u00f3 en el sexenio del gobernador Miguel \u00c1ngel Yunes Linares, que quer\u00eda retirar a los magistrados que cumplieran 70 a\u00f1os, todo por el hecho de que imaginaba que dejar\u00eda como gobernador a su hijo, Miguel \u00c1ngel Yunes M\u00e1rquez.<br>Del mismo modo, destac\u00f3 que ha laborado con extremada honradez en los lugares en los que ha sido asignada y jam\u00e1s hab\u00eda visto tal problem\u00e1tica en el Poder Judicial, en la que ni siquiera se pagan a tiempo los salarios.<br>Cuando fue cuestionada si en alg\u00fan momento considerar\u00eda el retiro, dijo que s\u00ed, pero quiere hacerlo cuando haya recursos del Fondo de Retiro para magistrados, pues para eso se trabaj\u00f3: \u201cYo fui apoyada por el Presidente del Tribunal de Justicia de Guanajuato y fui designada para acudir a la Secretar\u00eda de Gobernaci\u00f3n, para promover la creaci\u00f3n de los fondos.<br>Lament\u00f3 que Isabel In\u00e9s Romero Cruz, quien ya hab\u00eda sido jubilada y luego convertida en magistrada, no apoye a sus compa\u00f1eros: \u201cElla fue una empleada del Poder Judicial que s\u00ed incurri\u00f3 en delitos, pues estuvo a punto de ir a la c\u00e1rcel por violar la Ley de Amparo, al ocultar un amparo que gan\u00f3 un preso que ten\u00eda muchos a\u00f1os en la c\u00e1rcel\u201d.<br>De hecho, considera grave que no distinga c\u00f3mo se maneja el Poder Judicial, pues se moviliz\u00f3 para cerrar 29 juzgados, situaci\u00f3n que no est\u00e1 en las atribuciones del Consejo de la Judicatura: \u201cEse tema debi\u00f3 tratarse y resolverse en un pleno de magistrados\u201d.<br>Casta\u00f1eda Palmeros, destac\u00f3 que, a diferencia de Romero Cruz, ella compiti\u00f3 con magistrados de todo el pa\u00eds y se hizo acreedora al Premio Nacional al M\u00e9rito Judicial, adem\u00e1s de que se ha capacitado toda su vida, con maestr\u00edas y doctorados.<\/p>\n","protected":false},"excerpt":{"rendered":"<p>XalapaLa magistrada Yolanda Cecilia Casta\u00f1eda Palmeros, neg\u00f3 percibir un salario millonario y, por el contrario, teme que ante la desaparici\u00f3n de los recursos de los fondos para el Mejoramiento de Impartici\u00f3n de Justicia y de Retiro, no pueda retirarse: \u201cSimplemente, el dinero lo desaparecieron\u201d. En entrevista para un noticiero de radio en Xalapa con Jorge [&hellip;]<\/p>\n","protected":false},"author":2,"featured_media":0,"comment_status":"closed","ping_status":"closed","sticky":false,"template":"","format":"standard","meta":{"_jetpack_newsletter_access":"","_jetpack_dont_email_post_to_subs":false,"_jetpack_newsletter_tier_id":0,"_jetpack_memberships_contains_paywalled_content":false,"_jetpack_memberships_contains_paid_content":false,"footnotes":""},"categories":[6446],"tags":[15620,16012,19816,82],"class_list":["post-77732","post","type-post","status-publish","format-standard","hentry","category-la-nota","tag-isabel-ines-romero-cruz","tag-jorge-faibre","tag-ley-de-amparo","tag-poder-judicial"],"jetpack_featured_media_url":"","jetpack_sharing_enabled":true,"jetpack_shortlink":"https:\/\/wp.me\/p4Qcd3-kdK","_links":{"self":[{"href":"https:\/\/lospoliticosveracruz.com.mx\/index.php?rest_route=\/wp\/v2\/posts\/77732","targetHints":{"allow":["GET"]}}],"collection":[{"href":"https:\/\/lospoliticosveracruz.com.mx\/index.php?rest_route=\/wp\/v2\/posts"}],"about":[{"href":"https:\/\/lospoliticosveracruz.com.mx\/index.php?rest_route=\/wp\/v2\/types\/post"}],"author":[{"embeddable":true,"href":"https:\/\/lospoliticosveracruz.com.mx\/index.php?rest_route=\/wp\/v2\/users\/2"}],"replies":[{"embeddable":true,"href":"https:\/\/lospoliticosveracruz.com.mx\/index.php?rest_route=%2Fwp%2Fv2%2Fcomments&post=77732"}],"version-history":[{"count":1,"href":"https:\/\/lospoliticosveracruz.com.mx\/index.php?rest_route=\/wp\/v2\/posts\/77732\/revisions"}],"predecessor-version":[{"id":77734,"href":"https:\/\/lospoliticosveracruz.com.mx\/index.php?rest_route=\/wp\/v2\/posts\/77732\/revisions\/77734"}],"wp:attachment":[{"href":"https:\/\/lospoliticosveracruz.com.mx\/index.php?rest_route=%2Fwp%2Fv2%2Fmedia&parent=77732"}],"wp:term":[{"taxonomy":"category","embeddable":true,"href":"https:\/\/lospoliticosveracruz.com.mx\/index.php?rest_route=%2Fwp%2Fv2%2Fcategories&post=77732"},{"taxonomy":"post_tag","embeddable":true,"href":"https:\/\/lospoliticosveracruz.com.mx\/index.php?rest_route=%2Fwp%2Fv2%2Ftags&post=77732"}],"curies":[{"name":"wp","href":"https:\/\/api.w.org\/{rel}","templated":true}]}}