{"id":77759,"date":"2021-08-07T15:57:17","date_gmt":"2021-08-07T20:57:17","guid":{"rendered":"http:\/\/www.lospoliticosveracruz.com.mx\/?p=77759"},"modified":"2021-08-26T14:25:48","modified_gmt":"2021-08-26T19:25:48","slug":"ofrece-disculpas-gober-vila","status":"publish","type":"post","link":"https:\/\/lospoliticosveracruz.com.mx\/?p=77759","title":{"rendered":"Ofrece Disculpas Gober Vila"},"content":{"rendered":"\n<div class=\"wp-block-image\"><figure class=\"alignleft size-large is-resized\"><a href=\"http:\/\/www.lospoliticosveracruz.com.mx\/wp-content\/uploads\/2021\/08\/WhatsApp-Image-2021-08-02-at-12.46.36.jpeg\"><img loading=\"lazy\" decoding=\"async\" src=\"http:\/\/www.lospoliticosveracruz.com.mx\/wp-content\/uploads\/2021\/08\/WhatsApp-Image-2021-08-02-at-12.46.36.jpeg\" alt=\"\" class=\"wp-image-77480\" width=\"225\" height=\"450\"\/><\/a><\/figure><\/div>\n\n\n\n<p><strong>Xalapa<\/strong><br>El gobernador de Yucat\u00e1n, Mauricio Vila Dosal, ofreci\u00f3 disculpas a la familia J.E.R.E oriundo de Ciudad Isla y muerto a manos de polic\u00edas municipales y advirti\u00f3 que se har\u00e1 justicia \u00abporque en Yucat\u00e1n no hay espacio para la impunidad\u00bb.<br>Lo anterior obedece al homicidio del joven de 23 a\u00f1os, fallecido luego de ser violado y golpeado brutalmente por polic\u00edas de M\u00e9rida, Yucat\u00e1n, a cuya ciudad -la \u201cm\u00e1s segura del pa\u00eds\u201d- acudi\u00f3 a trabajar para mejorar sus condiciones de vida.<br>En ese sentido, a trav\u00e9s de las redes sociales, el gobernador yucateco lament\u00f3 los hechos.<br>\u00abLamento los hechos ocurridos en contra del joven J.E.R.E. originario de Veracruz. Les informo que los polic\u00edas municipales presuntos responsables de este crimen ya fueron capturados y aplicaremos la Ley hasta las \u00faltimas consecuencias.\u00bb<br>Vila Dosal, se uni\u00f3 a la pena que embarga a la familia del veracruzano.<br>\u00abNos unimos a la pena que embarga a la familia y les reiteramos nuestro apoyo a trav\u00e9s de la Comisi\u00f3n Estatal de Atenci\u00f3n a V\u00edctimas y de la Fiscal\u00eda General del Estado de Yucat\u00e1n que investiga los hechos porque en nuestro estado no hay espacio para la impunidad y se har\u00e1 justicia con todo el peso de la ley.\u00bb<\/p>\n","protected":false},"excerpt":{"rendered":"<p>XalapaEl gobernador de Yucat\u00e1n, Mauricio Vila Dosal, ofreci\u00f3 disculpas a la familia J.E.R.E oriundo de Ciudad Isla y muerto a manos de polic\u00edas municipales y advirti\u00f3 que se har\u00e1 justicia \u00abporque en Yucat\u00e1n no hay espacio para la impunidad\u00bb.Lo anterior obedece al homicidio del joven de 23 a\u00f1os, fallecido luego de ser violado y golpeado [&hellip;]<\/p>\n","protected":false},"author":2,"featured_media":0,"comment_status":"closed","ping_status":"closed","sticky":false,"template":"","format":"standard","meta":{"_jetpack_newsletter_access":"","_jetpack_dont_email_post_to_subs":false,"_jetpack_newsletter_tier_id":0,"_jetpack_memberships_contains_paywalled_content":false,"_jetpack_memberships_contains_paid_content":false,"footnotes":""},"categories":[6446],"tags":[4116,29758,14183,5360],"class_list":["post-77759","post","type-post","status-publish","format-standard","hentry","category-la-nota","tag-fiscalia-general-del-estado","tag-joven-j-e-r-e","tag-mauricio-vila-dosal","tag-yucatan"],"jetpack_featured_media_url":"","jetpack_sharing_enabled":true,"jetpack_shortlink":"https:\/\/wp.me\/p4Qcd3-keb","_links":{"self":[{"href":"https:\/\/lospoliticosveracruz.com.mx\/index.php?rest_route=\/wp\/v2\/posts\/77759","targetHints":{"allow":["GET"]}}],"collection":[{"href":"https:\/\/lospoliticosveracruz.com.mx\/index.php?rest_route=\/wp\/v2\/posts"}],"about":[{"href":"https:\/\/lospoliticosveracruz.com.mx\/index.php?rest_route=\/wp\/v2\/types\/post"}],"author":[{"embeddable":true,"href":"https:\/\/lospoliticosveracruz.com.mx\/index.php?rest_route=\/wp\/v2\/users\/2"}],"replies":[{"embeddable":true,"href":"https:\/\/lospoliticosveracruz.com.mx\/index.php?rest_route=%2Fwp%2Fv2%2Fcomments&post=77759"}],"version-history":[{"count":2,"href":"https:\/\/lospoliticosveracruz.com.mx\/index.php?rest_route=\/wp\/v2\/posts\/77759\/revisions"}],"predecessor-version":[{"id":78622,"href":"https:\/\/lospoliticosveracruz.com.mx\/index.php?rest_route=\/wp\/v2\/posts\/77759\/revisions\/78622"}],"wp:attachment":[{"href":"https:\/\/lospoliticosveracruz.com.mx\/index.php?rest_route=%2Fwp%2Fv2%2Fmedia&parent=77759"}],"wp:term":[{"taxonomy":"category","embeddable":true,"href":"https:\/\/lospoliticosveracruz.com.mx\/index.php?rest_route=%2Fwp%2Fv2%2Fcategories&post=77759"},{"taxonomy":"post_tag","embeddable":true,"href":"https:\/\/lospoliticosveracruz.com.mx\/index.php?rest_route=%2Fwp%2Fv2%2Ftags&post=77759"}],"curies":[{"name":"wp","href":"https:\/\/api.w.org\/{rel}","templated":true}]}}