{"id":77772,"date":"2021-08-08T10:01:39","date_gmt":"2021-08-08T15:01:39","guid":{"rendered":"http:\/\/www.lospoliticosveracruz.com.mx\/?p=77772"},"modified":"2021-08-26T14:38:36","modified_gmt":"2021-08-26T19:38:36","slug":"fallece-arzobispo","status":"publish","type":"post","link":"https:\/\/lospoliticosveracruz.com.mx\/?p=77772","title":{"rendered":"Fallece Arzobispo!"},"content":{"rendered":"\n<div class=\"wp-block-image\"><figure class=\"alignleft size-large is-resized\"><a href=\"http:\/\/www.lospoliticosveracruz.com.mx\/wp-content\/uploads\/2021\/08\/WhatsApp-Image-2021-08-02-at-12.46.36.jpeg\"><img loading=\"lazy\" decoding=\"async\" src=\"http:\/\/www.lospoliticosveracruz.com.mx\/wp-content\/uploads\/2021\/08\/WhatsApp-Image-2021-08-02-at-12.46.36.jpeg\" alt=\"\" class=\"wp-image-77480\" width=\"225\" height=\"450\"\/><\/a><\/figure><\/div>\n\n\n\n<p><strong>Xalapa<\/strong><\/p>\n\n\n\n<p>Lamentamos informar la triste noticia de que esta ma\u00f1ana, a las 8:40 am, v\u00edctima de una hemorragia interna, en un hospital de la ciudad de Xalapa, FALLECI\u00d3 EL ARZOBISPO DE XALAPA, Mons. Hip\u00f3lito Reyes Larios. Lo encomendamos a la misericordia divina.<br>En un Twitter as\u00ed lo di\u00f3 a conocer el vocero cat\u00f3lico Jos\u00e9 Manuel Suazo Reyes<\/p>\n","protected":false},"excerpt":{"rendered":"<p>Xalapa Lamentamos informar la triste noticia de que esta ma\u00f1ana, a las 8:40 am, v\u00edctima de una hemorragia interna, en un hospital de la ciudad de Xalapa, FALLECI\u00d3 EL ARZOBISPO DE XALAPA, Mons. Hip\u00f3lito Reyes Larios. Lo encomendamos a la misericordia divina.En un Twitter as\u00ed lo di\u00f3 a conocer el vocero cat\u00f3lico Jos\u00e9 Manuel Suazo [&hellip;]<\/p>\n","protected":false},"author":2,"featured_media":0,"comment_status":"closed","ping_status":"closed","sticky":false,"template":"","format":"standard","meta":{"_jetpack_newsletter_access":"","_jetpack_dont_email_post_to_subs":false,"_jetpack_newsletter_tier_id":0,"_jetpack_memberships_contains_paywalled_content":false,"_jetpack_memberships_contains_paid_content":false,"footnotes":""},"categories":[6446],"tags":[320],"class_list":["post-77772","post","type-post","status-publish","format-standard","hentry","category-la-nota","tag-hipolito-reyes-larios"],"jetpack_featured_media_url":"","jetpack_sharing_enabled":true,"jetpack_shortlink":"https:\/\/wp.me\/p4Qcd3-keo","_links":{"self":[{"href":"https:\/\/lospoliticosveracruz.com.mx\/index.php?rest_route=\/wp\/v2\/posts\/77772","targetHints":{"allow":["GET"]}}],"collection":[{"href":"https:\/\/lospoliticosveracruz.com.mx\/index.php?rest_route=\/wp\/v2\/posts"}],"about":[{"href":"https:\/\/lospoliticosveracruz.com.mx\/index.php?rest_route=\/wp\/v2\/types\/post"}],"author":[{"embeddable":true,"href":"https:\/\/lospoliticosveracruz.com.mx\/index.php?rest_route=\/wp\/v2\/users\/2"}],"replies":[{"embeddable":true,"href":"https:\/\/lospoliticosveracruz.com.mx\/index.php?rest_route=%2Fwp%2Fv2%2Fcomments&post=77772"}],"version-history":[{"count":2,"href":"https:\/\/lospoliticosveracruz.com.mx\/index.php?rest_route=\/wp\/v2\/posts\/77772\/revisions"}],"predecessor-version":[{"id":78625,"href":"https:\/\/lospoliticosveracruz.com.mx\/index.php?rest_route=\/wp\/v2\/posts\/77772\/revisions\/78625"}],"wp:attachment":[{"href":"https:\/\/lospoliticosveracruz.com.mx\/index.php?rest_route=%2Fwp%2Fv2%2Fmedia&parent=77772"}],"wp:term":[{"taxonomy":"category","embeddable":true,"href":"https:\/\/lospoliticosveracruz.com.mx\/index.php?rest_route=%2Fwp%2Fv2%2Fcategories&post=77772"},{"taxonomy":"post_tag","embeddable":true,"href":"https:\/\/lospoliticosveracruz.com.mx\/index.php?rest_route=%2Fwp%2Fv2%2Ftags&post=77772"}],"curies":[{"name":"wp","href":"https:\/\/api.w.org\/{rel}","templated":true}]}}