{"id":77777,"date":"2021-08-08T15:37:32","date_gmt":"2021-08-08T20:37:32","guid":{"rendered":"http:\/\/www.lospoliticosveracruz.com.mx\/?p=77777"},"modified":"2021-08-26T14:33:51","modified_gmt":"2021-08-26T19:33:51","slug":"tokyo-ai-te-va-la-leona","status":"publish","type":"post","link":"https:\/\/lospoliticosveracruz.com.mx\/?p=77777","title":{"rendered":"Tokyo, ai te va la Leona!"},"content":{"rendered":"\n<p><em>Ciudad de M\u00e9xico<\/em><br>Despu\u00e9s de 18 meses llenos de incertidumbre, de inconvenientes, de tener que entrenar incluso en lotes bald\u00edos e improvisando en un espacio en casa, Mar\u00eda de los \u00c1ngeles Ortiz Hern\u00e1ndez viaj\u00f3 ya a Jap\u00f3n para buscar una nueva medalla en los Juegos Paral\u00edmpicos.<br>\u201cLa Leona\u201d, tras el campamento realizado en M\u00e9rida, Yucat\u00e1n, se concentr\u00f3, con el resto de la delegaci\u00f3n nacional, en el Centro Paral\u00edmpico Mexicano, donde entren\u00f3, vio detalles administrativos y fue objeto de pruebas PCR para demostrar que su salud est\u00e1 en \u00f3ptimas condiciones parar encarar su cuarta justa veraniega de esta envergadura.<\/p>\n\n\n\n<div class=\"wp-block-image\"><figure class=\"alignleft size-large\"><a href=\"http:\/\/www.lospoliticosveracruz.com.mx\/wp-content\/uploads\/2021\/08\/WhatsApp-Image-2021-08-02-at-12.46.36.jpeg\"><img decoding=\"async\" src=\"http:\/\/www.lospoliticosveracruz.com.mx\/wp-content\/uploads\/2021\/08\/WhatsApp-Image-2021-08-02-at-12.46.36.jpeg\" alt=\"\" class=\"wp-image-77480\"\/><\/a><\/figure><\/div>\n\n\n\n<p><br>\u201cEstoy tratando de mantener mis emociones y sensaciones en equilibrio y armon\u00eda total, tratando de estar s\u00ed alerta, meti\u00e9ndole lo que le tengo que meter a la preparaci\u00f3n, pero equilibrada.<br>\u201cMis emociones y todo lo que tengo que sacar lo har\u00e9 en su momento, no antes, as\u00ed me quiero mantener, porque es un periodo dif\u00edcil, at\u00edpico, por todo lo que estamos pasando alrededor con este virus que no deja.<br>\u201cQue est\u00e1 uno propenso en todo momento, que hay que estarse cuidando, Tokio ya est\u00e1, todo est\u00e1 a un tris, todo puede suceder, el peligro est\u00e1 latente, incluso en el avi\u00f3n, son muchas cosas que hay que mantenerse as\u00ed\u201d, explic\u00f3 la plusmarquista en impulso de bala en la categor\u00eda F57.<br>En cuanto a la preparaci\u00f3n, la tabasque\u00f1a indic\u00f3 que todo va en tiempo y forma y en este viaje, primero, a Hiroshima, por dos semanas, servir\u00e1 para pulir los detalles finos para llegar con todo el dos de septiembre en el estadio ol\u00edmpico de la capital japonesa.<br>Luego, gradualmente, los seleccionados mexicanos ingresar\u00e1n a la Villa Ol\u00edmpica. \u201cAngie\u201d ingresar\u00e1 10 d\u00edas antes que comience el atletismo, para tener la menor cantidad de contacto con los dem\u00e1s habitantes del recinto.<br>De igual modo, subray\u00f3 que se deber\u00e1n adaptar a este momento hist\u00f3rico por c\u00f3mo se desarrollar\u00e1n estos Juegos Paral\u00edmpicos, con una competencia at\u00edpica, que no tendr\u00e1 p\u00fablico en las tribunas que motive, donde lo preponderante ser\u00e1 mantenerse con salud y volver as\u00ed a casa.<br>Sin embargo, el equipo que rodea a la mexicana muestra optimismo de que ser\u00e1 un gran evento para ella, tras un efectivo campamento en Yucat\u00e1n, donde pudo entrenar como se deb\u00eda, despu\u00e9s de tantos obst\u00e1culos que tuvo en Veracruz.<br>En el Centro Paral\u00edmpico Mexicano cerr\u00f3 sus ensayos en el pa\u00eds hasta con triples sesiones de entrenamiento, y todo se retomar\u00e1 ante la adaptaci\u00f3n en Hiroshima.<\/p>\n","protected":false},"excerpt":{"rendered":"<p>Ciudad de M\u00e9xicoDespu\u00e9s de 18 meses llenos de incertidumbre, de inconvenientes, de tener que entrenar incluso en lotes bald\u00edos e improvisando en un espacio en casa, Mar\u00eda de los \u00c1ngeles Ortiz Hern\u00e1ndez viaj\u00f3 ya a Jap\u00f3n para buscar una nueva medalla en los Juegos Paral\u00edmpicos.\u201cLa Leona\u201d, tras el campamento realizado en M\u00e9rida, Yucat\u00e1n, se concentr\u00f3, [&hellip;]<\/p>\n","protected":false},"author":2,"featured_media":0,"comment_status":"closed","ping_status":"closed","sticky":false,"template":"","format":"standard","meta":{"_jetpack_newsletter_access":"","_jetpack_dont_email_post_to_subs":false,"_jetpack_newsletter_tier_id":0,"_jetpack_memberships_contains_paywalled_content":false,"_jetpack_memberships_contains_paid_content":false,"footnotes":""},"categories":[73],"tags":[6295,6357,11955,29560,29580,5360],"class_list":["post-77777","post","type-post","status-publish","format-standard","hentry","category-de-boleto","tag-juegos-paralimpicos","tag-maria-de-los-angeles-ortiz-hernandez","tag-merida","tag-olimpiadas","tag-tokyo-2020","tag-yucatan"],"jetpack_featured_media_url":"","jetpack_sharing_enabled":true,"jetpack_shortlink":"https:\/\/wp.me\/p4Qcd3-ket","_links":{"self":[{"href":"https:\/\/lospoliticosveracruz.com.mx\/index.php?rest_route=\/wp\/v2\/posts\/77777","targetHints":{"allow":["GET"]}}],"collection":[{"href":"https:\/\/lospoliticosveracruz.com.mx\/index.php?rest_route=\/wp\/v2\/posts"}],"about":[{"href":"https:\/\/lospoliticosveracruz.com.mx\/index.php?rest_route=\/wp\/v2\/types\/post"}],"author":[{"embeddable":true,"href":"https:\/\/lospoliticosveracruz.com.mx\/index.php?rest_route=\/wp\/v2\/users\/2"}],"replies":[{"embeddable":true,"href":"https:\/\/lospoliticosveracruz.com.mx\/index.php?rest_route=%2Fwp%2Fv2%2Fcomments&post=77777"}],"version-history":[{"count":2,"href":"https:\/\/lospoliticosveracruz.com.mx\/index.php?rest_route=\/wp\/v2\/posts\/77777\/revisions"}],"predecessor-version":[{"id":78624,"href":"https:\/\/lospoliticosveracruz.com.mx\/index.php?rest_route=\/wp\/v2\/posts\/77777\/revisions\/78624"}],"wp:attachment":[{"href":"https:\/\/lospoliticosveracruz.com.mx\/index.php?rest_route=%2Fwp%2Fv2%2Fmedia&parent=77777"}],"wp:term":[{"taxonomy":"category","embeddable":true,"href":"https:\/\/lospoliticosveracruz.com.mx\/index.php?rest_route=%2Fwp%2Fv2%2Fcategories&post=77777"},{"taxonomy":"post_tag","embeddable":true,"href":"https:\/\/lospoliticosveracruz.com.mx\/index.php?rest_route=%2Fwp%2Fv2%2Ftags&post=77777"}],"curies":[{"name":"wp","href":"https:\/\/api.w.org\/{rel}","templated":true}]}}