{"id":77779,"date":"2021-08-08T18:22:11","date_gmt":"2021-08-08T23:22:11","guid":{"rendered":"http:\/\/www.lospoliticosveracruz.com.mx\/?p=77779"},"modified":"2021-08-08T18:22:15","modified_gmt":"2021-08-08T23:22:15","slug":"fly-de-sacrificio","status":"publish","type":"post","link":"https:\/\/lospoliticosveracruz.com.mx\/?p=77779","title":{"rendered":"Fly de sacrificio!"},"content":{"rendered":"\n<p>El torneo de b\u00e9isbol Tratados de C\u00f3rdoba de la liga infantil y juvenil 30 Caballeros se reprograma ante la situaci\u00f3n epidemiol\u00f3gica, inform\u00f3 Jorge L\u00f3pez Tress, director de educaci\u00f3n, cultura y deporte del Ayuntamiento de C\u00f3rdoba.<\/p>\n\n\n\n<p>El servidor p\u00fablico municipal detall\u00f3 que la nueva fecha estimada para que el torneo se lleve a cabo ser\u00e1 del 20 al 22 de agosto, si el \u00edndice de contagios presenta una desaceleraci\u00f3n.<\/p>\n\n\n\n<p>Miguel \u00c1ngel Guzm\u00e1n, presidente de la Liga Infantil y Juvenil 30 Caballeros, dijo que se espera la participaci\u00f3n de m\u00e1s de 24 equipos de C\u00f3rdoba y de Cuitl\u00e1huac, Paso del Macho, Tlalixcoyan y Yanga, as\u00ed como de representativos de Puebla e Hidalgo.<\/p>\n\n\n\n<p>Indic\u00f3 que los equipos interesados en participar en este torneo pueden solicitar m\u00e1s informes mediante la l\u00ednea telef\u00f3nica 2712833824, a trav\u00e9s de la cual tambi\u00e9n podr\u00e1n inscribirse una vez que cumplan con los requisitos establecidos en la convocatoria emitida por la liga.<\/p>\n\n\n\n<p>L\u00f3pez Tress se\u00f1al\u00f3 que la autoridad municipal realiza trabajos de rehabilitaci\u00f3n y mantenimiento en la unidad deportiva 30 Caballeros para que se encuentre en \u00f3ptimas condiciones para la realizaci\u00f3n de este evento deportivo.<\/p>\n\n\n\n<p>Indic\u00f3 que se mantiene la atenci\u00f3n hacia la situaci\u00f3n epidemiol\u00f3gica a fin de contar con la posibilidad de realizar este torneo y otros eventos con aforo reducido, en el marco de los festejos por el bicentenario de la firma de los Tratados de C\u00f3rdoba.<\/p>\n","protected":false},"excerpt":{"rendered":"<p>El torneo de b\u00e9isbol Tratados de C\u00f3rdoba de la liga infantil y juvenil 30 Caballeros se reprograma ante la situaci\u00f3n epidemiol\u00f3gica, inform\u00f3 Jorge L\u00f3pez Tress, director de educaci\u00f3n, cultura y deporte del Ayuntamiento de C\u00f3rdoba. El servidor p\u00fablico municipal detall\u00f3 que la nueva fecha estimada para que el torneo se lleve a cabo ser\u00e1 del [&hellip;]<\/p>\n","protected":false},"author":2,"featured_media":0,"comment_status":"closed","ping_status":"closed","sticky":false,"template":"","format":"standard","meta":{"_jetpack_newsletter_access":"","_jetpack_dont_email_post_to_subs":false,"_jetpack_newsletter_tier_id":0,"_jetpack_memberships_contains_paywalled_content":false,"_jetpack_memberships_contains_paid_content":false,"footnotes":""},"categories":[73],"tags":[751,2730,18828,29771,14242,4752,29769,9289],"class_list":["post-77779","post","type-post","status-publish","format-standard","hentry","category-de-boleto","tag-cordoba","tag-cuitlahuac","tag-jorge-lopez-tress","tag-miguel-angel-guzman","tag-paso-del-macho","tag-tlalixcoyan","tag-torneo-de-beisbol","tag-tratados-de-cordoba"],"jetpack_featured_media_url":"","jetpack_sharing_enabled":true,"jetpack_shortlink":"https:\/\/wp.me\/p4Qcd3-kev","_links":{"self":[{"href":"https:\/\/lospoliticosveracruz.com.mx\/index.php?rest_route=\/wp\/v2\/posts\/77779","targetHints":{"allow":["GET"]}}],"collection":[{"href":"https:\/\/lospoliticosveracruz.com.mx\/index.php?rest_route=\/wp\/v2\/posts"}],"about":[{"href":"https:\/\/lospoliticosveracruz.com.mx\/index.php?rest_route=\/wp\/v2\/types\/post"}],"author":[{"embeddable":true,"href":"https:\/\/lospoliticosveracruz.com.mx\/index.php?rest_route=\/wp\/v2\/users\/2"}],"replies":[{"embeddable":true,"href":"https:\/\/lospoliticosveracruz.com.mx\/index.php?rest_route=%2Fwp%2Fv2%2Fcomments&post=77779"}],"version-history":[{"count":1,"href":"https:\/\/lospoliticosveracruz.com.mx\/index.php?rest_route=\/wp\/v2\/posts\/77779\/revisions"}],"predecessor-version":[{"id":77781,"href":"https:\/\/lospoliticosveracruz.com.mx\/index.php?rest_route=\/wp\/v2\/posts\/77779\/revisions\/77781"}],"wp:attachment":[{"href":"https:\/\/lospoliticosveracruz.com.mx\/index.php?rest_route=%2Fwp%2Fv2%2Fmedia&parent=77779"}],"wp:term":[{"taxonomy":"category","embeddable":true,"href":"https:\/\/lospoliticosveracruz.com.mx\/index.php?rest_route=%2Fwp%2Fv2%2Fcategories&post=77779"},{"taxonomy":"post_tag","embeddable":true,"href":"https:\/\/lospoliticosveracruz.com.mx\/index.php?rest_route=%2Fwp%2Fv2%2Ftags&post=77779"}],"curies":[{"name":"wp","href":"https:\/\/api.w.org\/{rel}","templated":true}]}}