{"id":77934,"date":"2021-08-11T16:17:44","date_gmt":"2021-08-11T21:17:44","guid":{"rendered":"http:\/\/www.lospoliticosveracruz.com.mx\/?p=77934"},"modified":"2021-08-11T16:17:48","modified_gmt":"2021-08-11T21:17:48","slug":"entrenle-a-la-faena","status":"publish","type":"post","link":"https:\/\/lospoliticosveracruz.com.mx\/?p=77934","title":{"rendered":"\u00c9ntrenle a la faena!"},"content":{"rendered":"\n<p><\/p>\n\n\n\n<p><strong>Veracruz<\/strong><br>Como parte de las acciones para el regreso a clases, la Secretar\u00eda de Educaci\u00f3n de Veracruz puso en marcha el programa \u201cTEQUIO por mi escuela\u201d, que consiste en la organizaci\u00f3n de brigadas voluntarias para la limpieza de los espacios escolares.<\/p>\n\n\n\n<div class=\"wp-block-image\"><figure class=\"alignleft size-large\"><a href=\"http:\/\/www.lospoliticosveracruz.com.mx\/wp-content\/uploads\/2021\/08\/WhatsApp-Image-2021-08-02-at-12.46.36.jpeg\"><img decoding=\"async\" src=\"http:\/\/www.lospoliticosveracruz.com.mx\/wp-content\/uploads\/2021\/08\/WhatsApp-Image-2021-08-02-at-12.46.36.jpeg\" alt=\"\" class=\"wp-image-77480\"\/><\/a><\/figure><\/div>\n\n\n\n<p><br>La delegada de la SEV de la regi\u00f3n Veracruz, Diana Santiago Huesca arranc\u00f3 dicho programa en la escuela jard\u00edn de ni\u00f1os \u201cJuana Amelia Celis\u201d, ubicado en la colonia de Casas Tamsa del municipio de Boca del R\u00edo, donde ahond\u00f3 sobre la importancia de sumar esfuerzos para garantizar el bienestar en las condiciones de las escuelas que por m\u00e1s de un a\u00f1o han permanecido cerradas y que requieren una limpieza profunda.<br>\u201cPor instrucciones del se\u00f1or gobernador, Cuitl\u00e1huac Garc\u00eda Jim\u00e9nez y del se\u00f1or secretario, el maestro Zenyazen Escobar Garc\u00eda damos inicio a este programa TEQUIO por mi escuela que tiene un significado muy importante en materia de participaci\u00f3n, cooperaci\u00f3n y solidaridad para un bien com\u00fan como lo es la limpieza de nuestras escuelas y as\u00ed generar las condiciones adecuadas para un regreso a clases\u201d, puntualiz\u00f3 Diana Santiago Huesca.<br>Explic\u00f3 que la palabra Tequio proviene del n\u00e1huatl y significa el tributo o trabajo cooperativo desde tiempos prehisp\u00e1nicos, es por ello que el objetivo que se persigue es convocar a la sociedad en general a participar de manera activa y altruista en las jornadas de limpieza de las escuelas.<br>\u201cEs importante generar conciencia de nuestra participaci\u00f3n en las escuelas de nuestros hijos o bien en las escuelas en las que alguna vez estudiamos para que con ese cari\u00f1o podamos sumar voluntades para el beneficio de nuestras escuelas y sobre todo de nuestros estudiantes\u201d, coment\u00f3 la delegada regional de la SEV en Veracruz.<br>Agreg\u00f3, que durante los \u00faltimos dos meses se ha realizado la entrega de poco m\u00e1s de dos mil 900 kits de limpieza, el cual consiste en la dotar de 20 litros de cloro, 20 litros de gel, 20 litros de jab\u00f3n, 20 litros de sanitizante (bactericida), un aspersor de cinco litros, un term\u00f3metro digital, por cada cien alumnos matriculados en cada escuela aproximadamente.<\/p>\n","protected":false},"excerpt":{"rendered":"<p>VeracruzComo parte de las acciones para el regreso a clases, la Secretar\u00eda de Educaci\u00f3n de Veracruz puso en marcha el programa \u201cTEQUIO por mi escuela\u201d, que consiste en la organizaci\u00f3n de brigadas voluntarias para la limpieza de los espacios escolares. La delegada de la SEV de la regi\u00f3n Veracruz, Diana Santiago Huesca arranc\u00f3 dicho programa [&hellip;]<\/p>\n","protected":false},"author":2,"featured_media":0,"comment_status":"closed","ping_status":"closed","sticky":false,"template":"","format":"standard","meta":{"_jetpack_newsletter_access":"","_jetpack_dont_email_post_to_subs":false,"_jetpack_newsletter_tier_id":0,"_jetpack_memberships_contains_paywalled_content":false,"_jetpack_memberships_contains_paid_content":false,"footnotes":""},"categories":[73],"tags":[1563,240,88,29838,195,12372],"class_list":["post-77934","post","type-post","status-publish","format-standard","hentry","category-de-boleto","tag-cuitlahuac-garcia-jimenez","tag-diana-santiago-huesca","tag-sev","tag-tequio-por-mi-escuela","tag-veracruz","tag-zenyazen-escobar-garcia"],"jetpack_featured_media_url":"","jetpack_sharing_enabled":true,"jetpack_shortlink":"https:\/\/wp.me\/p4Qcd3-kh0","_links":{"self":[{"href":"https:\/\/lospoliticosveracruz.com.mx\/index.php?rest_route=\/wp\/v2\/posts\/77934","targetHints":{"allow":["GET"]}}],"collection":[{"href":"https:\/\/lospoliticosveracruz.com.mx\/index.php?rest_route=\/wp\/v2\/posts"}],"about":[{"href":"https:\/\/lospoliticosveracruz.com.mx\/index.php?rest_route=\/wp\/v2\/types\/post"}],"author":[{"embeddable":true,"href":"https:\/\/lospoliticosveracruz.com.mx\/index.php?rest_route=\/wp\/v2\/users\/2"}],"replies":[{"embeddable":true,"href":"https:\/\/lospoliticosveracruz.com.mx\/index.php?rest_route=%2Fwp%2Fv2%2Fcomments&post=77934"}],"version-history":[{"count":1,"href":"https:\/\/lospoliticosveracruz.com.mx\/index.php?rest_route=\/wp\/v2\/posts\/77934\/revisions"}],"predecessor-version":[{"id":77935,"href":"https:\/\/lospoliticosveracruz.com.mx\/index.php?rest_route=\/wp\/v2\/posts\/77934\/revisions\/77935"}],"wp:attachment":[{"href":"https:\/\/lospoliticosveracruz.com.mx\/index.php?rest_route=%2Fwp%2Fv2%2Fmedia&parent=77934"}],"wp:term":[{"taxonomy":"category","embeddable":true,"href":"https:\/\/lospoliticosveracruz.com.mx\/index.php?rest_route=%2Fwp%2Fv2%2Fcategories&post=77934"},{"taxonomy":"post_tag","embeddable":true,"href":"https:\/\/lospoliticosveracruz.com.mx\/index.php?rest_route=%2Fwp%2Fv2%2Ftags&post=77934"}],"curies":[{"name":"wp","href":"https:\/\/api.w.org\/{rel}","templated":true}]}}