{"id":77955,"date":"2021-08-12T10:27:02","date_gmt":"2021-08-12T15:27:02","guid":{"rendered":"http:\/\/www.lospoliticosveracruz.com.mx\/?p=77955"},"modified":"2021-08-26T15:14:15","modified_gmt":"2021-08-26T20:14:15","slug":"si-quiere-ayudar-gobernador-no-estorbe","status":"publish","type":"post","link":"https:\/\/lospoliticosveracruz.com.mx\/?p=77955","title":{"rendered":"Si quiere ayudar, Gobernador, \u00a1no estorbe!"},"content":{"rendered":"\n<p><strong>Veracruz<\/strong><br>Miguel Hermida Copado, diputado electo de Veracruz, rechaz\u00f3 las medidas implementadas por el Gobierno Estatal de cerrar calles en la zona centro de la ciudad, pues no sirven para frenar los contagios por el COVID-19, pero s\u00ed afectan gravemente al comercio, frenando la recuperaci\u00f3n econ\u00f3mica del Puerto.<\/p>\n\n\n\n<div class=\"wp-block-image\"><figure class=\"alignleft size-large\"><a href=\"http:\/\/www.lospoliticosveracruz.com.mx\/wp-content\/uploads\/2021\/08\/WhatsApp-Image-2021-08-02-at-12.46.36.jpeg\"><img decoding=\"async\" src=\"http:\/\/www.lospoliticosveracruz.com.mx\/wp-content\/uploads\/2021\/08\/WhatsApp-Image-2021-08-02-at-12.46.36.jpeg\" alt=\"\" class=\"wp-image-77480\"\/><\/a><\/figure><\/div>\n\n\n\n<p><br>Subray\u00f3 que esta \u201cestrategia\u201d no tiene pies ni cabeza, en primer lugar porque no evita que la gente salga, lo que hace es que quienes normalmente tienen la necesidad de circular por estas calles deban tomar rutas alternas, generando m\u00e1s tr\u00e1fico y aglomeraciones en el resto de las arterias de la ciudad, lo cual resulta contraproducente.<br>Dijo que adem\u00e1s resulta contradictorio que el Gobierno Estatal por un lado est\u00e1 ordenando el regreso a clases presenciales exponiendo a miles de ni\u00f1os y maestros al virus y por otra parte est\u00e9n cerrando la circulaci\u00f3n de las calles.<br>\u201cLo que s\u00ed provoca esta mala <em>estrategia<\/em> es acabar con la econom\u00eda de lo veracruzanos. En las \u00faltimas semanas, pese a la nula ayuda de los gobiernos federal y estatal, los comercios hab\u00edan comenzado a recuperarse, pero estas acciones pueden ser el golpe decisivo para que muchos negocios dejen de existir, dejando sin ingreso a miles de familias\u201d, acus\u00f3.<br>\u201cGobernador, si no quiere ayudar a los veracruzanos, al menos no estorbe, no le meta el pie a quienes s\u00ed est\u00e1n trabajando, a quienes s\u00ed est\u00e1n generando empleos\u201d, concluy\u00f3 el diputado electo, Miguel Hermida.<\/p>\n","protected":false},"excerpt":{"rendered":"<p>VeracruzMiguel Hermida Copado, diputado electo de Veracruz, rechaz\u00f3 las medidas implementadas por el Gobierno Estatal de cerrar calles en la zona centro de la ciudad, pues no sirven para frenar los contagios por el COVID-19, pero s\u00ed afectan gravemente al comercio, frenando la recuperaci\u00f3n econ\u00f3mica del Puerto. Subray\u00f3 que esta \u201cestrategia\u201d no tiene pies ni [&hellip;]<\/p>\n","protected":false},"author":2,"featured_media":0,"comment_status":"closed","ping_status":"closed","sticky":false,"template":"","format":"standard","meta":{"_jetpack_newsletter_access":"","_jetpack_dont_email_post_to_subs":false,"_jetpack_newsletter_tier_id":0,"_jetpack_memberships_contains_paywalled_content":false,"_jetpack_memberships_contains_paid_content":false,"footnotes":""},"categories":[73],"tags":[16673,1563,28430,17200,195],"class_list":["post-77955","post","type-post","status-publish","format-standard","hentry","category-de-boleto","tag-covid-19","tag-cuitlahuac-garcia-jimenez","tag-miguel-hermida-copado","tag-reactivacion-economica","tag-veracruz"],"jetpack_featured_media_url":"","jetpack_sharing_enabled":true,"jetpack_shortlink":"https:\/\/wp.me\/p4Qcd3-khl","_links":{"self":[{"href":"https:\/\/lospoliticosveracruz.com.mx\/index.php?rest_route=\/wp\/v2\/posts\/77955","targetHints":{"allow":["GET"]}}],"collection":[{"href":"https:\/\/lospoliticosveracruz.com.mx\/index.php?rest_route=\/wp\/v2\/posts"}],"about":[{"href":"https:\/\/lospoliticosveracruz.com.mx\/index.php?rest_route=\/wp\/v2\/types\/post"}],"author":[{"embeddable":true,"href":"https:\/\/lospoliticosveracruz.com.mx\/index.php?rest_route=\/wp\/v2\/users\/2"}],"replies":[{"embeddable":true,"href":"https:\/\/lospoliticosveracruz.com.mx\/index.php?rest_route=%2Fwp%2Fv2%2Fcomments&post=77955"}],"version-history":[{"count":2,"href":"https:\/\/lospoliticosveracruz.com.mx\/index.php?rest_route=\/wp\/v2\/posts\/77955\/revisions"}],"predecessor-version":[{"id":78633,"href":"https:\/\/lospoliticosveracruz.com.mx\/index.php?rest_route=\/wp\/v2\/posts\/77955\/revisions\/78633"}],"wp:attachment":[{"href":"https:\/\/lospoliticosveracruz.com.mx\/index.php?rest_route=%2Fwp%2Fv2%2Fmedia&parent=77955"}],"wp:term":[{"taxonomy":"category","embeddable":true,"href":"https:\/\/lospoliticosveracruz.com.mx\/index.php?rest_route=%2Fwp%2Fv2%2Fcategories&post=77955"},{"taxonomy":"post_tag","embeddable":true,"href":"https:\/\/lospoliticosveracruz.com.mx\/index.php?rest_route=%2Fwp%2Fv2%2Ftags&post=77955"}],"curies":[{"name":"wp","href":"https:\/\/api.w.org\/{rel}","templated":true}]}}