{"id":78055,"date":"2021-08-14T12:08:38","date_gmt":"2021-08-14T17:08:38","guid":{"rendered":"http:\/\/www.lospoliticosveracruz.com.mx\/?p=78055"},"modified":"2021-08-14T12:08:41","modified_gmt":"2021-08-14T17:08:41","slug":"le-bajan-a-los-parquimetros","status":"publish","type":"post","link":"https:\/\/lospoliticosveracruz.com.mx\/?p=78055","title":{"rendered":"Le bajan a los parqu\u00edmetros!"},"content":{"rendered":"\n<p><\/p>\n\n\n\n<div class=\"wp-block-image\"><figure class=\"alignleft size-large\"><a href=\"http:\/\/www.lospoliticosveracruz.com.mx\/wp-content\/uploads\/2021\/08\/WhatsApp-Image-2021-08-02-at-12.46.36.jpeg\"><img decoding=\"async\" src=\"http:\/\/www.lospoliticosveracruz.com.mx\/wp-content\/uploads\/2021\/08\/WhatsApp-Image-2021-08-02-at-12.46.36.jpeg\" alt=\"\" class=\"wp-image-77480\"\/><\/a><\/figure><\/div>\n\n\n\n<p><strong>C\u00f3rdoba<\/strong><br>Con el voto un\u00e1nime del Cabildo del Ayuntamiento de C\u00f3rdoba se determin\u00f3 que, en apoyo a la econom\u00eda familiar, se reduzcan las tarifas de estacionamiento en la v\u00eda p\u00fablica, que pasar\u00e1n de 8 a 4 pesos por hora una vez que el Congreso del Estado apruebe esta decisi\u00f3n.<br>\u201cGracias a la decisi\u00f3n del Cabildo quienes utilicen los parqu\u00edmetros tendr\u00e1n un beneficio directo con una tarifa reducida. Esta decisi\u00f3n la hemos tomado en apoyo a la econom\u00eda familiar, despu\u00e9s de los retos que impuso la pandemia\u201d, explic\u00f3 presidenta municipal de C\u00f3rdoba, Leticia L\u00f3pez Landero.<br>La Mun\u00edcipe cordobesa indic\u00f3 que la medida entrar\u00e1 en vigor una vez que el Congreso de Veracruz apruebe la iniciativa de modificaci\u00f3n al art\u00edculo 248, fracci\u00f3n IV, del C\u00f3digo Hacendario Municipal.<br>Flor L\u00f3pez Rivera, titular de Mejora Regulatoria, detall\u00f3 que con la decisi\u00f3n del Cabildo el cobro de estacionamiento en v\u00eda p\u00fablica pasa de 0.125 al 0.0447 del valor de la Unidad de Medida y Actualizaci\u00f3n (UMA).<br>Explic\u00f3 qu\u00e9 el proceso administrativo se encuentra en marcha y depender\u00e1 del Congreso Local la fecha para aprobar la iniciativa municipal.<br>La presidenta Leticia L\u00f3pez Landero dijo que esta medida es congruente con los diferentes apoyos que su administraci\u00f3n ha implementado a partir del inicio de la emergencia sanitaria, y se alinea con las estrategias de reactivaci\u00f3n econ\u00f3mica que se han puesto en marcha.<br>Se\u00f1al\u00f3 que la reducci\u00f3n de tarifas de parqu\u00edmetros beneficiar\u00e1 a la ciudadan\u00eda, no solo a quienes son propietarios de veh\u00edculos, sino en general, ya que esta tarifa reducida mejorar\u00e1 la capacidad de peque\u00f1os de comercio y proveedores de servicios para aprovechar de manera racional el estacionamiento en la v\u00eda p\u00fablica.<\/p>\n","protected":false},"excerpt":{"rendered":"<p>C\u00f3rdobaCon el voto un\u00e1nime del Cabildo del Ayuntamiento de C\u00f3rdoba se determin\u00f3 que, en apoyo a la econom\u00eda familiar, se reduzcan las tarifas de estacionamiento en la v\u00eda p\u00fablica, que pasar\u00e1n de 8 a 4 pesos por hora una vez que el Congreso del Estado apruebe esta decisi\u00f3n.\u201cGracias a la decisi\u00f3n del Cabildo quienes utilicen [&hellip;]<\/p>\n","protected":false},"author":2,"featured_media":0,"comment_status":"closed","ping_status":"closed","sticky":false,"template":"","format":"standard","meta":{"_jetpack_newsletter_access":"","_jetpack_dont_email_post_to_subs":false,"_jetpack_newsletter_tier_id":0,"_jetpack_memberships_contains_paywalled_content":false,"_jetpack_memberships_contains_paid_content":false,"footnotes":""},"categories":[73],"tags":[6747,29870,7641,703,17200],"class_list":["post-78055","post","type-post","status-publish","format-standard","hentry","category-de-boleto","tag-economia-familiar","tag-flor-lopez-rivera","tag-leticia-lopez-landero","tag-parquimetros","tag-reactivacion-economica"],"jetpack_featured_media_url":"","jetpack_sharing_enabled":true,"jetpack_shortlink":"https:\/\/wp.me\/p4Qcd3-kiX","_links":{"self":[{"href":"https:\/\/lospoliticosveracruz.com.mx\/index.php?rest_route=\/wp\/v2\/posts\/78055","targetHints":{"allow":["GET"]}}],"collection":[{"href":"https:\/\/lospoliticosveracruz.com.mx\/index.php?rest_route=\/wp\/v2\/posts"}],"about":[{"href":"https:\/\/lospoliticosveracruz.com.mx\/index.php?rest_route=\/wp\/v2\/types\/post"}],"author":[{"embeddable":true,"href":"https:\/\/lospoliticosveracruz.com.mx\/index.php?rest_route=\/wp\/v2\/users\/2"}],"replies":[{"embeddable":true,"href":"https:\/\/lospoliticosveracruz.com.mx\/index.php?rest_route=%2Fwp%2Fv2%2Fcomments&post=78055"}],"version-history":[{"count":1,"href":"https:\/\/lospoliticosveracruz.com.mx\/index.php?rest_route=\/wp\/v2\/posts\/78055\/revisions"}],"predecessor-version":[{"id":78057,"href":"https:\/\/lospoliticosveracruz.com.mx\/index.php?rest_route=\/wp\/v2\/posts\/78055\/revisions\/78057"}],"wp:attachment":[{"href":"https:\/\/lospoliticosveracruz.com.mx\/index.php?rest_route=%2Fwp%2Fv2%2Fmedia&parent=78055"}],"wp:term":[{"taxonomy":"category","embeddable":true,"href":"https:\/\/lospoliticosveracruz.com.mx\/index.php?rest_route=%2Fwp%2Fv2%2Fcategories&post=78055"},{"taxonomy":"post_tag","embeddable":true,"href":"https:\/\/lospoliticosveracruz.com.mx\/index.php?rest_route=%2Fwp%2Fv2%2Ftags&post=78055"}],"curies":[{"name":"wp","href":"https:\/\/api.w.org\/{rel}","templated":true}]}}